{"id":2357,"date":"2012-07-19T10:27:39","date_gmt":"2012-07-19T14:27:39","guid":{"rendered":"http:\/\/www.radiochiloe.cl\/?p=2357"},"modified":"2012-07-19T10:27:39","modified_gmt":"2012-07-19T14:27:39","slug":"concejales-aliancistas-destacan-impacto-de-inversion-privada-en-la-comuna-de-castro","status":"publish","type":"post","link":"https:\/\/www.radiochiloe.cl\/?p=2357","title":{"rendered":"Concejales aliancistas destacan impacto de inversi\u00f3n privada  en la comuna de Castro"},"content":{"rendered":"<p style=\"text-align: justify;\">Los concejales de la comuna de Castro Juan Eduardo Vera (UDI) y Fernando B\u00f3rquez (RN), destacaron el impacto que en el mediano plazo tendr\u00e1n las distintas inversiones privadas que se levantan a nivel comunal, destacando entre ellas el casino y el hotel que se erige anexo a la obra, el Mall, Homecenter Sodimac, proyectos inmobiliarios, y el aporte de inversionistas locales que han comenzado a modernizar sus actuales infraestructuras, y otros a proyectar nuevas obras, todo ello dentro de un marco de inversiones que dar\u00e1n un nuevo impulso a la econom\u00eda local, adem\u00e1s de los recientes estudios realizados por un importante grupo econ\u00f3mico que proyecta construir un hotel 5 estrellas en el sector de Ten-Ten y un moderno condominio en el sector de Nerc\u00f3n.<\/p>\n<p style=\"text-align: justify;\">Para el concejal Juan Eduardo Vera todas estas inversiones provenientes del mundo privado no son una casualidad, \u201cdemuestran la confianza que nuestro territorio y pa\u00eds tienen, adem\u00e1s que no tengo dudas que Castro y Chilo\u00e9, por la proyecci\u00f3n tur\u00edstica, y la belleza de nuestra provincia, est\u00e1n llamadas a transformarse en un gran polo de desarrollo, con ello no tan solo gana Castro, sino toda esta m\u00e1gica provincia\u201d, subray\u00f3 el concejal Vera resaltando tambi\u00e9n que se vislumbra un a\u00f1o 2013 pr\u00f3spero cuando comiencen a funcionar todas estas inversiones lo que provocar\u00e1 niveles de cesant\u00eda muy bajos, \u201cy eso debe darnos alegr\u00eda, porque no hay nada m\u00e1s digno que tener un trabajo, y as\u00ed como van las cosas se vienen muy buenos a\u00f1os y de grandes cambios para nuestra comuna\u201d, vaticin\u00f3 el concejal UDI.<\/p>\n<p style=\"text-align: justify;\">Por su parte el concejal Fernando B\u00f3rquez espera que con todas estas inversiones, esos hombres y mujeres que por no tener un trabajo lo han pasado muy mal puedan, en el mediano plazo, encontrar una luz de esperanza, \u201cy as\u00ed como queremos que nuestra comuna se modernice, tambi\u00e9n ese crecimiento se vea reflejado en m\u00e1s y mejores trabajos, donde quienes desarrollan estos proyectos lo hagan con gran conciencia social, pagando buenos sueldos, y generando condiciones dignas y de respeto hacia el trabajador\u201d, expres\u00f3.<\/p>\n<p style=\"text-align: justify;\">Finalmente ambas autoridades locales destacaron que con el impacto que causaran en la econom\u00eda local todas las inversiones de privados que hoy se est\u00e1n construyendo, y con las que se proyectan construir, gana Castro y todos quienes hoy anhelan tener en el futuro un nuevo y mejor trabajo, cumpliendo con ello el compromiso del presidente Sebastian Pi\u00f1era de crear en alianza con el mundo privado un mill\u00f3n de nuevos empleos a nivel pa\u00eds, y bajar con ello a \u00edndices m\u00ednimos la cesant\u00eda en comuna y regiones en los 4 a\u00f1os de gesti\u00f3n de gobierno para el cual fue elegida la actual coalici\u00f3n de gobierno.<\/p>\n<p style=\"text-align: justify;\">Departamento de Prensa<\/p>\n","protected":false},"excerpt":{"rendered":"<p>Los concejales de la comuna de Castro Juan Eduardo Vera (UDI) y Fernando B\u00f3rquez (RN), destacaron el impacto que en el mediano plazo tendr\u00e1n las distintas inversiones privadas que se levantan a nivel comunal, destacando entre ellas el casino y el hotel que se erige anexo a la obra, el Mall, Homecenter Sodimac, proyectos inmobiliarios, [&hellip;]<\/p>\n","protected":false},"author":2,"featured_media":2358,"comment_status":"open","ping_status":"open","sticky":false,"template":"","format":"standard","meta":[],"categories":[3],"tags":[5],"jetpack_featured_media_url":"https:\/\/www.radiochiloe.cl\/wp-content\/uploads\/2012\/07\/concejales.jpg","_links":{"self":[{"href":"https:\/\/www.radiochiloe.cl\/index.php?rest_route=\/wp\/v2\/posts\/2357"}],"collection":[{"href":"https:\/\/www.radiochiloe.cl\/index.php?rest_route=\/wp\/v2\/posts"}],"about":[{"href":"https:\/\/www.radiochiloe.cl\/index.php?rest_route=\/wp\/v2\/types\/post"}],"author":[{"embeddable":true,"href":"https:\/\/www.radiochiloe.cl\/index.php?rest_route=\/wp\/v2\/users\/2"}],"replies":[{"embeddable":true,"href":"https:\/\/www.radiochiloe.cl\/index.php?rest_route=%2Fwp%2Fv2%2Fcomments&post=2357"}],"version-history":[{"count":1,"href":"https:\/\/www.radiochiloe.cl\/index.php?rest_route=\/wp\/v2\/posts\/2357\/revisions"}],"predecessor-version":[{"id":2359,"href":"https:\/\/www.radiochiloe.cl\/index.php?rest_route=\/wp\/v2\/posts\/2357\/revisions\/2359"}],"wp:featuredmedia":[{"embeddable":true,"href":"https:\/\/www.radiochiloe.cl\/index.php?rest_route=\/wp\/v2\/media\/2358"}],"wp:attachment":[{"href":"https:\/\/www.radiochiloe.cl\/index.php?rest_route=%2Fwp%2Fv2%2Fmedia&parent=2357"}],"wp:term":[{"taxonomy":"category","embeddable":true,"href":"https:\/\/www.radiochiloe.cl\/index.php?rest_route=%2Fwp%2Fv2%2Fcategories&post=2357"},{"taxonomy":"post_tag","embeddable":true,"href":"https:\/\/www.radiochiloe.cl\/index.php?rest_route=%2Fwp%2Fv2%2Ftags&post=2357"}],"curies":[{"name":"wp","href":"https:\/\/api.w.org\/{rel}","templated":true}]}}