{"id":2360,"date":"2012-07-19T10:51:15","date_gmt":"2012-07-19T14:51:15","guid":{"rendered":"http:\/\/www.radiochiloe.cl\/?p=2360"},"modified":"2012-07-19T10:51:15","modified_gmt":"2012-07-19T14:51:15","slug":"sindicatos-de-la-feria-yumbel-quieren-que-promesas-se-cumplan","status":"publish","type":"post","link":"https:\/\/www.radiochiloe.cl\/?p=2360","title":{"rendered":"Sindicatos de la Feria Yumbel quieren que promesas se cumplan"},"content":{"rendered":"<p style=\"text-align: justify;\">Recientemente en el Concejo Municipal de la comuna de Castro se present\u00f3 un grupo de mujeres pertenecientes a tres sindicatos de la Feria de la Pulgas que com\u00fanmente funcionan en la Feria Yumbel, con el objetivo de recibir algunas respuestas sobre la futura construcci\u00f3n del proyecto que renueva completamente el recinto y donde, seg\u00fan establecieron, no se ha tomado en cuenta su traslado y tampoco el proyecto de carpa que se iba adquirir por parte del municipio.<\/p>\n<p style=\"text-align: justify;\">Rosa Vargas dirigenta del sindicato N\u00ba 1 \u201cUni\u00f3n y Trabajo\u201d estableci\u00f3 que de alguna manera u otra la necesidad m\u00e1s imperiosa es, en este momento, poder tener carpas para protegerse de las malas condiciones clim\u00e1ticas que se presentan todos los inviernos, agregando que es una promesa de muchos a\u00f1os que aun no se cumple.<\/p>\n<p style=\"text-align: justify;\">\u201cLo \u00fanico que buscamos es que de una vez por todas el municipio cumpla con lo prometido, necesitamos con urgencia carpas para protegernos en este invierno, adem\u00e1s estamos preocupadas porque no nos tienen consideradas en el nuevo proyecto de la Feria Yumbel, ojala que las autoridades nos tomen en cuenta, porque somos demasiadas personas que trabajamos al intemperie\u201d destac\u00f3 la dirigenta.<\/p>\n<p style=\"text-align: justify;\">En tanto \u00c1ngela Casanova tesorera del sindicato N\u00ba 3 \u201cFuerza Chilota\u201d que la integran m\u00e1s de 150 personas, apunt\u00f3 que en el futuro proyecto de la renovaci\u00f3n de la Feria Yumbel, ellas no est\u00e1n contempladas, por eso se exigi\u00f3 al concejo municipal, poseer las condiciones dignas para poder seguir trabajando, ya que la mayor\u00eda de la personas que trabajan en la Feria de la Pulgas lo hacen por una necesidad social.<\/p>\n<p style=\"text-align: justify;\">\u201cNos acercamos hasta el Concejo Municipal en busca de respuestas ya que no nos consideran en el futuro proyecto de la feria. Las autoridades tienen que saber que la feria de las pulgas ha funcionado durante mucho tiempo, no hemos organizado y hoy existen 3 sindicatos, lo que buscamos es que no se tape la gran cantidad de personas que est\u00e1n un situaci\u00f3n bastante precaria y que en Castro hay pobreza, no se puede seguir tapando esta verdad\u201d sentenci\u00f3.<\/p>\n<p style=\"text-align: justify;\">Cabe mencionar que la mayor\u00eda de los concejales establecieron que este proyecto de carpas no puede seguir delitandose m\u00e1s tiempo, porque son m\u00e1s de 300 mujeres que solventan sus hogares con este trabajo. Gracias a la presencia de este grupo de mujeres en esta reuni\u00f3n se busco una fecha tentativa para poder solucionar de ra\u00edz, este problema.<\/p>\n<p style=\"text-align: justify;\">Departamento de Prensa<\/p>\n","protected":false},"excerpt":{"rendered":"<p>Recientemente en el Concejo Municipal de la comuna de Castro se present\u00f3 un grupo de mujeres pertenecientes a tres sindicatos de la Feria de la Pulgas que com\u00fanmente funcionan en la Feria Yumbel, con el objetivo de recibir algunas respuestas sobre la futura construcci\u00f3n del proyecto que renueva completamente el recinto y donde, seg\u00fan establecieron, [&hellip;]<\/p>\n","protected":false},"author":2,"featured_media":2361,"comment_status":"open","ping_status":"open","sticky":false,"template":"","format":"standard","meta":[],"categories":[3],"tags":[5],"jetpack_featured_media_url":"https:\/\/www.radiochiloe.cl\/wp-content\/uploads\/2012\/07\/feria.jpg","_links":{"self":[{"href":"https:\/\/www.radiochiloe.cl\/index.php?rest_route=\/wp\/v2\/posts\/2360"}],"collection":[{"href":"https:\/\/www.radiochiloe.cl\/index.php?rest_route=\/wp\/v2\/posts"}],"about":[{"href":"https:\/\/www.radiochiloe.cl\/index.php?rest_route=\/wp\/v2\/types\/post"}],"author":[{"embeddable":true,"href":"https:\/\/www.radiochiloe.cl\/index.php?rest_route=\/wp\/v2\/users\/2"}],"replies":[{"embeddable":true,"href":"https:\/\/www.radiochiloe.cl\/index.php?rest_route=%2Fwp%2Fv2%2Fcomments&post=2360"}],"version-history":[{"count":2,"href":"https:\/\/www.radiochiloe.cl\/index.php?rest_route=\/wp\/v2\/posts\/2360\/revisions"}],"predecessor-version":[{"id":2363,"href":"https:\/\/www.radiochiloe.cl\/index.php?rest_route=\/wp\/v2\/posts\/2360\/revisions\/2363"}],"wp:featuredmedia":[{"embeddable":true,"href":"https:\/\/www.radiochiloe.cl\/index.php?rest_route=\/wp\/v2\/media\/2361"}],"wp:attachment":[{"href":"https:\/\/www.radiochiloe.cl\/index.php?rest_route=%2Fwp%2Fv2%2Fmedia&parent=2360"}],"wp:term":[{"taxonomy":"category","embeddable":true,"href":"https:\/\/www.radiochiloe.cl\/index.php?rest_route=%2Fwp%2Fv2%2Fcategories&post=2360"},{"taxonomy":"post_tag","embeddable":true,"href":"https:\/\/www.radiochiloe.cl\/index.php?rest_route=%2Fwp%2Fv2%2Ftags&post=2360"}],"curies":[{"name":"wp","href":"https:\/\/api.w.org\/{rel}","templated":true}]}}