{"id":2364,"date":"2012-07-19T10:58:40","date_gmt":"2012-07-19T14:58:40","guid":{"rendered":"http:\/\/www.radiochiloe.cl\/?p=2364"},"modified":"2012-07-19T10:58:40","modified_gmt":"2012-07-19T14:58:40","slug":"carabineros-de-castro-realiza-charlas-de-prevencion-de-delitos-a-comerciantes","status":"publish","type":"post","link":"https:\/\/www.radiochiloe.cl\/?p=2364","title":{"rendered":"Carabineros de Castro realiza charlas de prevenci\u00f3n de delitos a comerciantes"},"content":{"rendered":"<p style=\"text-align: justify;\">En una labor coordinada y conjunta, la Segunda Comisar\u00eda de Carabineros de Castro, dependiente de la Prefectura Chilo\u00e9, y la Gobernaci\u00f3n Provincial a trav\u00e9s del programa \u201cBarrio Comercial en Paz\u201d, realiz\u00f3 una serie de reuniones para fortalecer la prevenci\u00f3n en los establecimientos comerciales de Chilo\u00e9.<\/p>\n<p style=\"text-align: justify;\">El ciclo de capacitaciones abordaron ampliamente importantes recomendaciones y medidas para prevenir hechos delictuales, las cuales estaban dirigidas especialmente a los propietarios y empleados de locales comerciales ubicados en las ciudades de Castro y Quell\u00f3n.<\/p>\n<p style=\"text-align: justify;\">De acuerdo a lo expresado por el Mayor Juan Mu\u00f1oz Montero, \u201cel objetivo de esta iniciativa estaba orientado a efectuar un trabajo mancomunado entre la instituci\u00f3n y la comunidad, reforzando la labor preventiva para evitar la ocurrencia de los delitos de robo y hurto en el sector c\u00e9ntrico de ambas comunas\u201d.<\/p>\n<p style=\"text-align: justify;\">Durante las reuniones, el Mayor Mu\u00f1oz estuvo a cargo de exponer diferentes aspectos vinculados al Plan Cuadrante de Seguridad Preventiva, a los fonos de emergencia 133 y de los delegados de cuadrantes, entre otras tem\u00e1ticas. De igual manera, se hizo entrega de un \u201cManual de Seguridad\u201d con importantes medidas preventivas a los participantes.<\/p>\n<p style=\"text-align: justify;\">Departamento de Prensa<\/p>\n","protected":false},"excerpt":{"rendered":"<p>En una labor coordinada y conjunta, la Segunda Comisar\u00eda de Carabineros de Castro, dependiente de la Prefectura Chilo\u00e9, y la Gobernaci\u00f3n Provincial a trav\u00e9s del programa \u201cBarrio Comercial en Paz\u201d, realiz\u00f3 una serie de reuniones para fortalecer la prevenci\u00f3n en los establecimientos comerciales de Chilo\u00e9. El ciclo de capacitaciones abordaron ampliamente importantes recomendaciones y medidas [&hellip;]<\/p>\n","protected":false},"author":2,"featured_media":2365,"comment_status":"open","ping_status":"open","sticky":false,"template":"","format":"standard","meta":[],"categories":[3],"tags":[5],"jetpack_featured_media_url":"https:\/\/www.radiochiloe.cl\/wp-content\/uploads\/2012\/07\/comercio.jpg","_links":{"self":[{"href":"https:\/\/www.radiochiloe.cl\/index.php?rest_route=\/wp\/v2\/posts\/2364"}],"collection":[{"href":"https:\/\/www.radiochiloe.cl\/index.php?rest_route=\/wp\/v2\/posts"}],"about":[{"href":"https:\/\/www.radiochiloe.cl\/index.php?rest_route=\/wp\/v2\/types\/post"}],"author":[{"embeddable":true,"href":"https:\/\/www.radiochiloe.cl\/index.php?rest_route=\/wp\/v2\/users\/2"}],"replies":[{"embeddable":true,"href":"https:\/\/www.radiochiloe.cl\/index.php?rest_route=%2Fwp%2Fv2%2Fcomments&post=2364"}],"version-history":[{"count":2,"href":"https:\/\/www.radiochiloe.cl\/index.php?rest_route=\/wp\/v2\/posts\/2364\/revisions"}],"predecessor-version":[{"id":2367,"href":"https:\/\/www.radiochiloe.cl\/index.php?rest_route=\/wp\/v2\/posts\/2364\/revisions\/2367"}],"wp:featuredmedia":[{"embeddable":true,"href":"https:\/\/www.radiochiloe.cl\/index.php?rest_route=\/wp\/v2\/media\/2365"}],"wp:attachment":[{"href":"https:\/\/www.radiochiloe.cl\/index.php?rest_route=%2Fwp%2Fv2%2Fmedia&parent=2364"}],"wp:term":[{"taxonomy":"category","embeddable":true,"href":"https:\/\/www.radiochiloe.cl\/index.php?rest_route=%2Fwp%2Fv2%2Fcategories&post=2364"},{"taxonomy":"post_tag","embeddable":true,"href":"https:\/\/www.radiochiloe.cl\/index.php?rest_route=%2Fwp%2Fv2%2Ftags&post=2364"}],"curies":[{"name":"wp","href":"https:\/\/api.w.org\/{rel}","templated":true}]}}