{"id":2368,"date":"2012-07-19T11:12:15","date_gmt":"2012-07-19T15:12:15","guid":{"rendered":"http:\/\/www.radiochiloe.cl\/?p=2368"},"modified":"2012-07-19T11:12:15","modified_gmt":"2012-07-19T15:12:15","slug":"siete-tripulantes-salvaron-ilesos-del-siniestro-en-la-lancha-pesquera-artesanal-bahama","status":"publish","type":"post","link":"https:\/\/www.radiochiloe.cl\/?p=2368","title":{"rendered":"Siete tripulantes salvaron ilesos del siniestro en la lancha pesquera artesanal Bahama"},"content":{"rendered":"<p style=\"text-align: justify;\">Hoy cerca de las 00:30 horas, se recibi\u00f3 llamado telef\u00f3nico informando que la Lancha a Motor \u201cBahama\u201d, Matr\u00edcula Quell\u00f3n N\u00b0 2222, se encontraba con la sala de m\u00e1quinas inundada, al Norweste de Islotes Queitao.<\/p>\n<p style=\"text-align: justify;\">Inmediatamente, la Capitan\u00eda de Puerto de Quell\u00f3n, establece contacto v\u00eda radial con la Motonave \u201cSeikapp\u201d quien se\u00f1ala que se encuentra a minutos de la embarcaci\u00f3n siniestrada, por lo que se dispuso que la Motonave en auxilio efectuara la evacuaci\u00f3n inmediata de los siete tripulantes a bordo de la Lancha Pesquera en atenci\u00f3n a que se encontraba con v\u00edas de agua, sin control.<\/p>\n<p style=\"text-align: justify;\">Una vez efectuado lo anterior, siendo las 01:50 horas la Motonave Seikapp procedi\u00f3 a tomar el remolque de la Lancha siniestrada, objeto trasladarla a la Bah\u00eda de Quell\u00f3n.<\/p>\n<p style=\"text-align: justify;\">Finalmente a las 02:25 horas el Capit\u00e1n de la Motonave informa el hundimiento de la embarcaci\u00f3n remolcada debido al ingreso sin control de agua abordo, dirigi\u00e9ndose a Puerto Quell\u00f3n con los siete tripulantes rescatados ilesos, los que una vez en puerto, alrededor de las 05:30 hrs., fueron recepcionados por una Patrulla de Polic\u00eda Mar\u00edtima, objeto efectuar la Constataci\u00f3n de Lesiones correspondiente y toma de declaraciones de los tripulantes, con la intenci\u00f3n de esclarecer las causas que originaron el citado siniestro.<\/p>\n<p style=\"text-align: justify;\">Departamento de Prensa<\/p>\n","protected":false},"excerpt":{"rendered":"<p>Hoy cerca de las 00:30 horas, se recibi\u00f3 llamado telef\u00f3nico informando que la Lancha a Motor \u201cBahama\u201d, Matr\u00edcula Quell\u00f3n N\u00b0 2222, se encontraba con la sala de m\u00e1quinas inundada, al Norweste de Islotes Queitao. Inmediatamente, la Capitan\u00eda de Puerto de Quell\u00f3n, establece contacto v\u00eda radial con la Motonave \u201cSeikapp\u201d quien se\u00f1ala que se encuentra a [&hellip;]<\/p>\n","protected":false},"author":2,"featured_media":2369,"comment_status":"open","ping_status":"open","sticky":false,"template":"","format":"standard","meta":[],"categories":[3],"tags":[5],"jetpack_featured_media_url":"https:\/\/www.radiochiloe.cl\/wp-content\/uploads\/2012\/07\/lancha1.jpg","_links":{"self":[{"href":"https:\/\/www.radiochiloe.cl\/index.php?rest_route=\/wp\/v2\/posts\/2368"}],"collection":[{"href":"https:\/\/www.radiochiloe.cl\/index.php?rest_route=\/wp\/v2\/posts"}],"about":[{"href":"https:\/\/www.radiochiloe.cl\/index.php?rest_route=\/wp\/v2\/types\/post"}],"author":[{"embeddable":true,"href":"https:\/\/www.radiochiloe.cl\/index.php?rest_route=\/wp\/v2\/users\/2"}],"replies":[{"embeddable":true,"href":"https:\/\/www.radiochiloe.cl\/index.php?rest_route=%2Fwp%2Fv2%2Fcomments&post=2368"}],"version-history":[{"count":2,"href":"https:\/\/www.radiochiloe.cl\/index.php?rest_route=\/wp\/v2\/posts\/2368\/revisions"}],"predecessor-version":[{"id":2371,"href":"https:\/\/www.radiochiloe.cl\/index.php?rest_route=\/wp\/v2\/posts\/2368\/revisions\/2371"}],"wp:featuredmedia":[{"embeddable":true,"href":"https:\/\/www.radiochiloe.cl\/index.php?rest_route=\/wp\/v2\/media\/2369"}],"wp:attachment":[{"href":"https:\/\/www.radiochiloe.cl\/index.php?rest_route=%2Fwp%2Fv2%2Fmedia&parent=2368"}],"wp:term":[{"taxonomy":"category","embeddable":true,"href":"https:\/\/www.radiochiloe.cl\/index.php?rest_route=%2Fwp%2Fv2%2Fcategories&post=2368"},{"taxonomy":"post_tag","embeddable":true,"href":"https:\/\/www.radiochiloe.cl\/index.php?rest_route=%2Fwp%2Fv2%2Ftags&post=2368"}],"curies":[{"name":"wp","href":"https:\/\/api.w.org\/{rel}","templated":true}]}}