{"id":2372,"date":"2012-07-19T17:13:47","date_gmt":"2012-07-19T21:13:47","guid":{"rendered":"http:\/\/www.radiochiloe.cl\/?p=2372"},"modified":"2012-07-19T17:13:47","modified_gmt":"2012-07-19T21:13:47","slug":"servicio-de-salud-chiloe-verifica-en-terreno-atenciones-de-urgencia-frente-al-aumento-de-enfermedades-respiratorias","status":"publish","type":"post","link":"https:\/\/www.radiochiloe.cl\/?p=2372","title":{"rendered":"Servicio de Salud Chilo\u00e9 verifica en terreno atenciones de urgencia frente al aumento de enfermedades respiratorias"},"content":{"rendered":"<p style=\"text-align: justify;\">Tras visitar la urgencia del Hospital de Castro, junto a su equipo, el Director del Servicio de Salud Chilo\u00e9, Rodrigo Callejas, explic\u00f3 que pese al aumento de consultas por enfermedades respiratorias, propia de esta \u00e9poca, la situaci\u00f3n se encuentra bajo control, constatando en terreno que se ha logrado dar respuesta a las exigencias de los usuarios.<\/p>\n<p style=\"text-align: justify;\">Mediante la implementaci\u00f3n de programas especiales y estrategias como la entrega de medicamentos para patolog\u00edas respiratorias en menores de 5 y mayores de 65 a\u00f1os en la urgencia del Hospital de Castro, la reconversi\u00f3n de 5 camas en la unidad de pediatr\u00eda y en caso necesario las camas del Servicio de Pensionado, adem\u00e1s la contrataci\u00f3n de horas kinesi\u00f3logos para extensi\u00f3n horaria, fines de semana y festivos.<\/p>\n<p style=\"text-align: justify;\">En el Servicio de Maternidad se inici\u00f3 la estrategia de vacunaci\u00f3n \u201ccapullo\u201d implementada con el fin de proteger al reci\u00e9n nacido y a los lactantes menores contra la tos convulsiva o coqueluche, a trav\u00e9s de la vacunaci\u00f3n de la madre y el entorno directo, acci\u00f3n que comenz\u00f3 a desarrollarse el pasado 1 de julio a cargo del Programa Nacional de Inmunizaci\u00f3n, cuya poblaci\u00f3n objeto a vacunar corresponden a las pu\u00e9rperas, padres, hermanos y familiares de 12 a\u00f1os y m\u00e1s, incluyendo cuidadoras, que convivan todo el d\u00eda con el reci\u00e9n nacido.<\/p>\n<p style=\"text-align: justify;\">As\u00ed el Servicio de Salud Chilo\u00e9, realiza un constante monitoreo de las distintas unidades cl\u00ednicas, principalmente en el \u00e1rea de urgencias de nuestra red hospitalaria para la gesti\u00f3n m\u00e1s expedita de camas y disminuir los tiempos de espera por atenci\u00f3n.<\/p>\n<p style=\"text-align: justify;\">De acuerdo a la base de datos, explic\u00f3 el Director del Servicio de Salud Chilo\u00e9, el n\u00famero de atenciones en el Servicio de Urgencias del Hospital de Castro se ha mantenido hasta la semana 28 bajo el promedio de las \u00faltimas 6 semanas, con un total de 1.069 atenciones, mientras que las consultas por causa referente a enfermedades respiratorias est\u00e1 sobre el promedio, con un total de 445. Respecto a esto Callejas aclar\u00f3 que esto no es alarmante si consideramos a la situaci\u00f3n vivida en igual periodo el a\u00f1o pasado.<\/p>\n<p style=\"text-align: justify;\">Respecto a las enfermedades respiratorias, prevalecen las IRA Alta en todos los grupos de edad, influenciado tambi\u00e9n por los diagn\u00f3sticos de coqueluche.<\/p>\n<p style=\"text-align: justify;\">En cuanto a las hospitalizaciones, si bien ha existido un aumento con respecto al promedio del per\u00edodo considerado, con 19 hospitalizaciones, lo cual se ha manejado con la reconversi\u00f3n de camas del hospital base.<\/p>\n<p style=\"text-align: justify;\">El trabajo realizado, explic\u00f3 Callejas, da cuenta del compromiso de los profesionales, t\u00e9cnicos y auxiliares de los establecimientos, por lo que realiz\u00f3 un reconocimiento a su labor durante esta temporada invernal.<\/p>\n<p style=\"text-align: justify;\">Departamento de Prensa<\/p>\n","protected":false},"excerpt":{"rendered":"<p>Tras visitar la urgencia del Hospital de Castro, junto a su equipo, el Director del Servicio de Salud Chilo\u00e9, Rodrigo Callejas, explic\u00f3 que pese al aumento de consultas por enfermedades respiratorias, propia de esta \u00e9poca, la situaci\u00f3n se encuentra bajo control, constatando en terreno que se ha logrado dar respuesta a las exigencias de los [&hellip;]<\/p>\n","protected":false},"author":2,"featured_media":2373,"comment_status":"open","ping_status":"open","sticky":false,"template":"","format":"standard","meta":[],"categories":[3],"tags":[5],"jetpack_featured_media_url":"https:\/\/www.radiochiloe.cl\/wp-content\/uploads\/2012\/07\/urgencia.jpg","_links":{"self":[{"href":"https:\/\/www.radiochiloe.cl\/index.php?rest_route=\/wp\/v2\/posts\/2372"}],"collection":[{"href":"https:\/\/www.radiochiloe.cl\/index.php?rest_route=\/wp\/v2\/posts"}],"about":[{"href":"https:\/\/www.radiochiloe.cl\/index.php?rest_route=\/wp\/v2\/types\/post"}],"author":[{"embeddable":true,"href":"https:\/\/www.radiochiloe.cl\/index.php?rest_route=\/wp\/v2\/users\/2"}],"replies":[{"embeddable":true,"href":"https:\/\/www.radiochiloe.cl\/index.php?rest_route=%2Fwp%2Fv2%2Fcomments&post=2372"}],"version-history":[{"count":2,"href":"https:\/\/www.radiochiloe.cl\/index.php?rest_route=\/wp\/v2\/posts\/2372\/revisions"}],"predecessor-version":[{"id":2375,"href":"https:\/\/www.radiochiloe.cl\/index.php?rest_route=\/wp\/v2\/posts\/2372\/revisions\/2375"}],"wp:featuredmedia":[{"embeddable":true,"href":"https:\/\/www.radiochiloe.cl\/index.php?rest_route=\/wp\/v2\/media\/2373"}],"wp:attachment":[{"href":"https:\/\/www.radiochiloe.cl\/index.php?rest_route=%2Fwp%2Fv2%2Fmedia&parent=2372"}],"wp:term":[{"taxonomy":"category","embeddable":true,"href":"https:\/\/www.radiochiloe.cl\/index.php?rest_route=%2Fwp%2Fv2%2Fcategories&post=2372"},{"taxonomy":"post_tag","embeddable":true,"href":"https:\/\/www.radiochiloe.cl\/index.php?rest_route=%2Fwp%2Fv2%2Ftags&post=2372"}],"curies":[{"name":"wp","href":"https:\/\/api.w.org\/{rel}","templated":true}]}}