{"id":2401,"date":"2012-07-21T09:42:04","date_gmt":"2012-07-21T13:42:04","guid":{"rendered":"http:\/\/www.radiochiloe.cl\/?p=2401"},"modified":"2012-07-21T09:42:04","modified_gmt":"2012-07-21T13:42:04","slug":"310-familias-en-dalcahue-cuentan-con-sistema-de-alarmas-comunitarias","status":"publish","type":"post","link":"https:\/\/www.radiochiloe.cl\/?p=2401","title":{"rendered":"310 Familias en Dalcahue cuentan con sistema de Alarmas Comunitarias"},"content":{"rendered":"<p style=\"text-align: justify;\">Participar de manera activa y con una buena organizaci\u00f3n siempre trae resultados \u00f3ptimos, as\u00ed lo resume el alcalde de la comuna de Dalcahue Alfredo Hurtado sobre la concreci\u00f3n de un anhelado proyecto de Alarmas Comunitarias y que beneficia directamente a 310 Familias de los sectores Custodio Ampuero, Altos de Dalcahue, 11 de Septiembre y El Bosque.<\/p>\n<p style=\"text-align: justify;\">\u201cFelicito a los dirigentes por sus incansables esfuerzos de querer lograr un barrio m\u00e1s seguro y el trabajo en conjunto con las autoridades y Carabineros trae una mejor defensa contra la delincuencia\u201d, manifiesta Hurtado \u00c1lvarez.<\/p>\n<p style=\"text-align: justify;\">Recientemente se realizaron charlas por parte de la empresa a cargo de instalar este sistema (C&amp;K) donde pr\u00e1cticamente la totalidad de los beneficiarios pudieron conocer y definir los procedimientos y planes de acci\u00f3n frente a una situaci\u00f3n de emergencia, ya sea robos, incendios o accidentes.<\/p>\n<p style=\"text-align: justify;\">Juan Ignacio Carmona a cargo de la inducci\u00f3n sostuvo que contar con un sistema solidario de participaci\u00f3n comunitaria sirve no solo para prevenir delitos sino que hay otro tipo de eventos de emergencia que funcionan solo con la participaci\u00f3n activa de los vecinos, vale decir ello se convierte en una herramienta \u00fatil para lograr r\u00e9ditos en com\u00fan.<\/p>\n<p style=\"text-align: justify;\">El protocolo a utilizar es fundamental manifiesta el experto en seguridad ya que gracias a la elaboraci\u00f3n del programa operativo se puede obtener resultados, por lo tanto no solo es importante conocer el radio de acci\u00f3n, tambi\u00e9n es fundamental cumplirlo seg\u00fan lo acordado. La inversi\u00f3n alcanza a los 8 millones de pesos fondos que provienen del 2% de Seguridad Ciudadana a\u00f1o 2011.<\/p>\n<p style=\"text-align: justify;\">Actualmente se encuentra admisible un proyecto para incorporar 3 C\u00e1maras de Televigilancia que ser\u00e1n ubicadas en puntos estrat\u00e9gicos en la Comuna de Dalcahue que ha experimentado en el \u00faltimo tiempo un notable crecimiento demogr\u00e1fico.<\/p>\n<p style=\"text-align: justify;\">Departamento de Prensa<\/p>\n","protected":false},"excerpt":{"rendered":"<p>Participar de manera activa y con una buena organizaci\u00f3n siempre trae resultados \u00f3ptimos, as\u00ed lo resume el alcalde de la comuna de Dalcahue Alfredo Hurtado sobre la concreci\u00f3n de un anhelado proyecto de Alarmas Comunitarias y que beneficia directamente a 310 Familias de los sectores Custodio Ampuero, Altos de Dalcahue, 11 de Septiembre y El [&hellip;]<\/p>\n","protected":false},"author":2,"featured_media":2402,"comment_status":"open","ping_status":"open","sticky":false,"template":"","format":"standard","meta":[],"categories":[3],"tags":[5],"jetpack_featured_media_url":"https:\/\/www.radiochiloe.cl\/wp-content\/uploads\/2012\/07\/alarmas.jpg","_links":{"self":[{"href":"https:\/\/www.radiochiloe.cl\/index.php?rest_route=\/wp\/v2\/posts\/2401"}],"collection":[{"href":"https:\/\/www.radiochiloe.cl\/index.php?rest_route=\/wp\/v2\/posts"}],"about":[{"href":"https:\/\/www.radiochiloe.cl\/index.php?rest_route=\/wp\/v2\/types\/post"}],"author":[{"embeddable":true,"href":"https:\/\/www.radiochiloe.cl\/index.php?rest_route=\/wp\/v2\/users\/2"}],"replies":[{"embeddable":true,"href":"https:\/\/www.radiochiloe.cl\/index.php?rest_route=%2Fwp%2Fv2%2Fcomments&post=2401"}],"version-history":[{"count":2,"href":"https:\/\/www.radiochiloe.cl\/index.php?rest_route=\/wp\/v2\/posts\/2401\/revisions"}],"predecessor-version":[{"id":2404,"href":"https:\/\/www.radiochiloe.cl\/index.php?rest_route=\/wp\/v2\/posts\/2401\/revisions\/2404"}],"wp:featuredmedia":[{"embeddable":true,"href":"https:\/\/www.radiochiloe.cl\/index.php?rest_route=\/wp\/v2\/media\/2402"}],"wp:attachment":[{"href":"https:\/\/www.radiochiloe.cl\/index.php?rest_route=%2Fwp%2Fv2%2Fmedia&parent=2401"}],"wp:term":[{"taxonomy":"category","embeddable":true,"href":"https:\/\/www.radiochiloe.cl\/index.php?rest_route=%2Fwp%2Fv2%2Fcategories&post=2401"},{"taxonomy":"post_tag","embeddable":true,"href":"https:\/\/www.radiochiloe.cl\/index.php?rest_route=%2Fwp%2Fv2%2Ftags&post=2401"}],"curies":[{"name":"wp","href":"https:\/\/api.w.org\/{rel}","templated":true}]}}