{"id":2405,"date":"2012-07-21T09:45:43","date_gmt":"2012-07-21T13:45:43","guid":{"rendered":"http:\/\/www.radiochiloe.cl\/?p=2405"},"modified":"2012-07-21T09:45:43","modified_gmt":"2012-07-21T13:45:43","slug":"a-paso-rapido-avanza-segunda-etapa-de-cesfam-de-emergencia-de-pudeto-bajo","status":"publish","type":"post","link":"https:\/\/www.radiochiloe.cl\/?p=2405","title":{"rendered":"A paso r\u00e1pido avanza segunda etapa de Cesfam de emergencia de Pudeto Bajo"},"content":{"rendered":"<p style=\"text-align: justify;\">Este 15 de agosto terminar\u00e1 la construcci\u00f3n de la segunda etapa del Cesfam provisorio de Pudeto Bajo, recinto que fuera destruido por un incendio en febrero pasado.<\/p>\n<p style=\"text-align: justify;\">Las nuevas instalaciones se encuentran ubicadas en el sector Padre Hurtado, utilizando containers que est\u00e1n siendo habilitados para atender la comunidad.<\/p>\n<p style=\"text-align: justify;\">Luego de completar los radiers, ahora se est\u00e1n levantando las techumbres, las que debieran estar terminadas a mediados de agosto, para iniciar la implementaci\u00f3n y entrar en funcionamiento a fines de ese mes con el 100% del personal.<\/p>\n<p style=\"text-align: justify;\">\u201cHemos estados sorprendidos por la respuesta de las personas, ya que este \u00faltimo tiempo se ha acercado mucha gente que ahora se est\u00e1 poniendo al d\u00eda con sus controles y muy contentos por volver a atenderse ac\u00e1\u201d, coment\u00f3 Ximena Gonzal\u00ed, directora del Cesfam de Pudeto Bajo.<\/p>\n<p style=\"text-align: justify;\">Para la profesional el comenzar a funcionar a pleno no ser\u00e1 inconveniente, ya que \u201cen este minuto como tenemos refuerzos de todos los profesionales, estamos atendiendo casi al 80% de la poblaci\u00f3n que habitualmente tenemos, por lo que nos hemos logrado acomodar a la demanda\u201d, precis\u00f3.<\/p>\n<p style=\"text-align: justify;\">Departamento de Prensa<\/p>\n","protected":false},"excerpt":{"rendered":"<p>Este 15 de agosto terminar\u00e1 la construcci\u00f3n de la segunda etapa del Cesfam provisorio de Pudeto Bajo, recinto que fuera destruido por un incendio en febrero pasado. Las nuevas instalaciones se encuentran ubicadas en el sector Padre Hurtado, utilizando containers que est\u00e1n siendo habilitados para atender la comunidad. Luego de completar los radiers, ahora se [&hellip;]<\/p>\n","protected":false},"author":2,"featured_media":2406,"comment_status":"open","ping_status":"open","sticky":false,"template":"","format":"standard","meta":[],"categories":[3],"tags":[5],"jetpack_featured_media_url":"https:\/\/www.radiochiloe.cl\/wp-content\/uploads\/2012\/07\/pudeto.jpg","_links":{"self":[{"href":"https:\/\/www.radiochiloe.cl\/index.php?rest_route=\/wp\/v2\/posts\/2405"}],"collection":[{"href":"https:\/\/www.radiochiloe.cl\/index.php?rest_route=\/wp\/v2\/posts"}],"about":[{"href":"https:\/\/www.radiochiloe.cl\/index.php?rest_route=\/wp\/v2\/types\/post"}],"author":[{"embeddable":true,"href":"https:\/\/www.radiochiloe.cl\/index.php?rest_route=\/wp\/v2\/users\/2"}],"replies":[{"embeddable":true,"href":"https:\/\/www.radiochiloe.cl\/index.php?rest_route=%2Fwp%2Fv2%2Fcomments&post=2405"}],"version-history":[{"count":2,"href":"https:\/\/www.radiochiloe.cl\/index.php?rest_route=\/wp\/v2\/posts\/2405\/revisions"}],"predecessor-version":[{"id":2408,"href":"https:\/\/www.radiochiloe.cl\/index.php?rest_route=\/wp\/v2\/posts\/2405\/revisions\/2408"}],"wp:featuredmedia":[{"embeddable":true,"href":"https:\/\/www.radiochiloe.cl\/index.php?rest_route=\/wp\/v2\/media\/2406"}],"wp:attachment":[{"href":"https:\/\/www.radiochiloe.cl\/index.php?rest_route=%2Fwp%2Fv2%2Fmedia&parent=2405"}],"wp:term":[{"taxonomy":"category","embeddable":true,"href":"https:\/\/www.radiochiloe.cl\/index.php?rest_route=%2Fwp%2Fv2%2Fcategories&post=2405"},{"taxonomy":"post_tag","embeddable":true,"href":"https:\/\/www.radiochiloe.cl\/index.php?rest_route=%2Fwp%2Fv2%2Ftags&post=2405"}],"curies":[{"name":"wp","href":"https:\/\/api.w.org\/{rel}","templated":true}]}}