{"id":2409,"date":"2012-07-21T09:51:11","date_gmt":"2012-07-21T13:51:11","guid":{"rendered":"http:\/\/www.radiochiloe.cl\/?p=2409"},"modified":"2012-07-21T09:51:11","modified_gmt":"2012-07-21T13:51:11","slug":"se-extendio-el-plazo-para-que-las-familias-interesadas-postulen-al-subsidio-habitacional-ds1","status":"publish","type":"post","link":"https:\/\/www.radiochiloe.cl\/?p=2409","title":{"rendered":"Se extendi\u00f3 el plazo para que las familias interesadas postulen al subsidio habitacional DS1"},"content":{"rendered":"<p style=\"text-align: justify;\">As\u00ed lo dio a conocer el Secretario Regional Ministerial de Vivienda y Urbanismo, Fernando Gunckel.<\/p>\n<p style=\"text-align: justify;\">Se trata del segundo llamado del a\u00f1o de este beneficio que permite a las familias con capacidad de cr\u00e9dito y un ahorro m\u00ednimo acceder a la casa propia.<\/p>\n<p style=\"text-align: justify;\">Desde que esta iniciativa parti\u00f3 el a\u00f1o pasado, en la Regi\u00f3n de Los Lagos 2.916 familias han sido beneficiadas. \u201cEste subsidio est\u00e1 hecho a la medida y seg\u00fan las necesidades de la clase media y busca entregar la mayor libertad posible a las familias para que puedan elegir y escoger su vivienda. As\u00ed, ellas pueden aplicar este subsidio tanto para construir en sitio propio como para comparar viviendas nuevas o usadas, en el campo o en la ciudad. De esta manera, el Gobierno del Presidente Sebasti\u00e1n Pi\u00f1era cumple su compromiso de apoyar a la clase media\u201d, declar\u00f3.<\/p>\n<p style=\"text-align: justify;\">En un principio, este llamado se cerraba el 20 de julio, pero el Ministerio de Vivienda y Urbanismo decidi\u00f3 dar una semana m\u00e1s para que los interesados en postular alcancen a realizar este tr\u00e1mite. \u201cLos invito a aprovechar esta oportunidad\u201d, resalt\u00f3 el Seremi, recalcando que habr\u00e1 un tercer llamado del programa D.S. 1 este a\u00f1o, entre los meses de octubre y noviembre.<\/p>\n<p style=\"text-align: justify;\">El aporte estatal fluct\u00faa entre las 100 y las 600 UF, dependiendo del valor de la vivienda que puede variar entre las 600 a mil UF para el t\u00edtulo 1 de grupos emergentes, y entre las 1.000 y 2.000 UF para la clase media.<\/p>\n<p style=\"text-align: justify;\">Cabe destacar durante esta semana el Seremi hizo entrega de 18 certificados de subsidio DS 1 en la comuna de Chonchi, los que se suman a 30 otorgados d\u00edas atr\u00e1s en las comunas de Curaco de V\u00e9lez, Achao y Dalcahue.<\/p>\n<p style=\"text-align: justify;\">Departamento de Prensa<\/p>\n","protected":false},"excerpt":{"rendered":"<p>As\u00ed lo dio a conocer el Secretario Regional Ministerial de Vivienda y Urbanismo, Fernando Gunckel. Se trata del segundo llamado del a\u00f1o de este beneficio que permite a las familias con capacidad de cr\u00e9dito y un ahorro m\u00ednimo acceder a la casa propia. Desde que esta iniciativa parti\u00f3 el a\u00f1o pasado, en la Regi\u00f3n de [&hellip;]<\/p>\n","protected":false},"author":2,"featured_media":2410,"comment_status":"open","ping_status":"open","sticky":false,"template":"","format":"standard","meta":[],"categories":[3],"tags":[5],"jetpack_featured_media_url":"https:\/\/www.radiochiloe.cl\/wp-content\/uploads\/2012\/07\/chonchi.jpg","_links":{"self":[{"href":"https:\/\/www.radiochiloe.cl\/index.php?rest_route=\/wp\/v2\/posts\/2409"}],"collection":[{"href":"https:\/\/www.radiochiloe.cl\/index.php?rest_route=\/wp\/v2\/posts"}],"about":[{"href":"https:\/\/www.radiochiloe.cl\/index.php?rest_route=\/wp\/v2\/types\/post"}],"author":[{"embeddable":true,"href":"https:\/\/www.radiochiloe.cl\/index.php?rest_route=\/wp\/v2\/users\/2"}],"replies":[{"embeddable":true,"href":"https:\/\/www.radiochiloe.cl\/index.php?rest_route=%2Fwp%2Fv2%2Fcomments&post=2409"}],"version-history":[{"count":2,"href":"https:\/\/www.radiochiloe.cl\/index.php?rest_route=\/wp\/v2\/posts\/2409\/revisions"}],"predecessor-version":[{"id":2412,"href":"https:\/\/www.radiochiloe.cl\/index.php?rest_route=\/wp\/v2\/posts\/2409\/revisions\/2412"}],"wp:featuredmedia":[{"embeddable":true,"href":"https:\/\/www.radiochiloe.cl\/index.php?rest_route=\/wp\/v2\/media\/2410"}],"wp:attachment":[{"href":"https:\/\/www.radiochiloe.cl\/index.php?rest_route=%2Fwp%2Fv2%2Fmedia&parent=2409"}],"wp:term":[{"taxonomy":"category","embeddable":true,"href":"https:\/\/www.radiochiloe.cl\/index.php?rest_route=%2Fwp%2Fv2%2Fcategories&post=2409"},{"taxonomy":"post_tag","embeddable":true,"href":"https:\/\/www.radiochiloe.cl\/index.php?rest_route=%2Fwp%2Fv2%2Ftags&post=2409"}],"curies":[{"name":"wp","href":"https:\/\/api.w.org\/{rel}","templated":true}]}}