{"id":2413,"date":"2012-07-21T16:53:02","date_gmt":"2012-07-21T20:53:02","guid":{"rendered":"http:\/\/www.radiochiloe.cl\/?p=2413"},"modified":"2012-07-21T16:54:55","modified_gmt":"2012-07-21T20:54:55","slug":"audaz-delincuente-es-capturado-por-carabineros-luego-de-robar-cinco-viviendas-en-el-sector-alto-de-castro","status":"publish","type":"post","link":"https:\/\/www.radiochiloe.cl\/?p=2413","title":{"rendered":"Audaz delincuente es capturado por Carabineros luego de robar cinco viviendas en el sector alto de Castro"},"content":{"rendered":"<p style=\"text-align: justify;\">(FOTO ARCHIVO)<\/p>\n<p style=\"text-align: justify;\">Durante esta ma\u00f1ana, cerca de las 06:00 horas aproximadamente, personal de la segunda comisar\u00eda de Castro fueron alertados por una denuncia establecida al nivel de emergencias 133, que daba cuenta de un robo en una vivienda ubicada en el sector La Chacra.<\/p>\n<p style=\"text-align: justify;\">El teniente de Carabineros, Robinson Sandoval explic\u00f3 como dos delincuentes al percatarse de la presencia de Carabineros huyeron por las inmediaciones del pasaje El Rosario con una gran cantidad de especies \u201cjustamente cuando llega el personal, estos dos individuos se dan a la fuga, pero r\u00e1pidamente se comenz\u00f3 una persecuci\u00f3n a pie logrando la captura de por lo menos uno de los antisociales. Pero luego de adoptar el procedimiento de rigor nos dimos cuenta que no era solo un inmueble el afectado, sino cuatro m\u00e1s, cuyos moradores se encontraban durmiendo al momento del robo\u201d se\u00f1al\u00f3.<\/p>\n<p style=\"text-align: justify;\">El oficial agreg\u00f3 que tambi\u00e9n se pudo comprobar la presencia de un radio taxi, el cual se pretend\u00eda utilizar para el traslado de las especies sustra\u00eddas \u201cde la misma manera se evidenci\u00f3 que estos delincuentes se trasladaron hasta estos domicilios en un radio taxi, cuyo chofer neg\u00f3 que el arriendo era para perpetrar este delito, pero de todas maneras qued\u00f3 citado para determinar su implicancia en el hecho\u201d argument\u00f3.<\/p>\n<p style=\"text-align: justify;\">Robinson Sandoval acot\u00f3 que el delincuente capturado ya hab\u00eda sido detenido hace unos d\u00edas atr\u00e1s por el delito de robo de vehiculo \u201ceste osado antisocial de iniciales A.A.S.V de 23 a\u00f1os hace unos d\u00edas atr\u00e1s fue detenido por robar un vehiculo aqu\u00ed en Castro, pero finalmente fue capturado en las cercan\u00edas del balneario del sector de Ten-Ten, sin embargo volvi\u00f3 a cometer otro il\u00edcito m\u00e1s, por lo cual se determin\u00f3 de parte del fiscal de turno realizarle su control de detenci\u00f3n el pr\u00f3ximo lunes, por lo que qued\u00f3 en prisi\u00f3n preventiva hasta ese d\u00eda\u201d concluy\u00f3 el teniente.<\/p>\n<p style=\"text-align: justify;\">Cabe mencionar que dentro de las especies recuperadas aparecen notebooks, televisores LCD, una estufa a parafina, las que fueron entregadas a sus due\u00f1os una vez concluido el procedimiento de rigor.<\/p>\n<p style=\"text-align: justify;\">Departamento de Prensa<\/p>\n","protected":false},"excerpt":{"rendered":"<p>(FOTO ARCHIVO) Durante esta ma\u00f1ana, cerca de las 06:00 horas aproximadamente, personal de la segunda comisar\u00eda de Castro fueron alertados por una denuncia establecida al nivel de emergencias 133, que daba cuenta de un robo en una vivienda ubicada en el sector La Chacra. El teniente de Carabineros, Robinson Sandoval explic\u00f3 como dos delincuentes al [&hellip;]<\/p>\n","protected":false},"author":2,"featured_media":2414,"comment_status":"open","ping_status":"open","sticky":false,"template":"","format":"standard","meta":[],"categories":[3],"tags":[5],"jetpack_featured_media_url":"https:\/\/www.radiochiloe.cl\/wp-content\/uploads\/2012\/07\/archivorobo.jpg","_links":{"self":[{"href":"https:\/\/www.radiochiloe.cl\/index.php?rest_route=\/wp\/v2\/posts\/2413"}],"collection":[{"href":"https:\/\/www.radiochiloe.cl\/index.php?rest_route=\/wp\/v2\/posts"}],"about":[{"href":"https:\/\/www.radiochiloe.cl\/index.php?rest_route=\/wp\/v2\/types\/post"}],"author":[{"embeddable":true,"href":"https:\/\/www.radiochiloe.cl\/index.php?rest_route=\/wp\/v2\/users\/2"}],"replies":[{"embeddable":true,"href":"https:\/\/www.radiochiloe.cl\/index.php?rest_route=%2Fwp%2Fv2%2Fcomments&post=2413"}],"version-history":[{"count":3,"href":"https:\/\/www.radiochiloe.cl\/index.php?rest_route=\/wp\/v2\/posts\/2413\/revisions"}],"predecessor-version":[{"id":2416,"href":"https:\/\/www.radiochiloe.cl\/index.php?rest_route=\/wp\/v2\/posts\/2413\/revisions\/2416"}],"wp:featuredmedia":[{"embeddable":true,"href":"https:\/\/www.radiochiloe.cl\/index.php?rest_route=\/wp\/v2\/media\/2414"}],"wp:attachment":[{"href":"https:\/\/www.radiochiloe.cl\/index.php?rest_route=%2Fwp%2Fv2%2Fmedia&parent=2413"}],"wp:term":[{"taxonomy":"category","embeddable":true,"href":"https:\/\/www.radiochiloe.cl\/index.php?rest_route=%2Fwp%2Fv2%2Fcategories&post=2413"},{"taxonomy":"post_tag","embeddable":true,"href":"https:\/\/www.radiochiloe.cl\/index.php?rest_route=%2Fwp%2Fv2%2Ftags&post=2413"}],"curies":[{"name":"wp","href":"https:\/\/api.w.org\/{rel}","templated":true}]}}