{"id":2418,"date":"2012-07-21T17:45:21","date_gmt":"2012-07-21T21:45:21","guid":{"rendered":"http:\/\/www.radiochiloe.cl\/?p=2418"},"modified":"2012-07-21T17:45:21","modified_gmt":"2012-07-21T21:45:21","slug":"se-inauguro-el-gran-yoco-en-llicaldad","status":"publish","type":"post","link":"https:\/\/www.radiochiloe.cl\/?p=2418","title":{"rendered":"Se inaugur\u00f3 el Gran Yoco en Llicaldad"},"content":{"rendered":"<p style=\"text-align: justify;\">Una gran cantidad de personas lleg\u00f3 hasta el sector de Llicaldad para disfrutar de dos d\u00edas llenos de nuestra rica gastronom\u00eda chilota, que no deja de ser una de las m\u00e1s potentes actividades que se desarrolla en la provincia de Chilo\u00e9 y en especial en la comuna de Castro, donde se conjuga el sacrificio de toda una comunidad con el arribo de cientos de visitantes que degustan de las comidas t\u00edpicas de este archipi\u00e9lago.<\/p>\n<p style=\"text-align: justify;\">Cabe mencionar que durante la ceremonia inaugural se premio a varias personas que de forma desinteresada aportaron con la actividad que tuvo amenizada por un grupo de ni\u00f1os del sector.<\/p>\n<p style=\"text-align: justify;\">Durante su discurso el presidente de la junta de vecinos Pedro Uribe agradeci\u00f3 la presencia de las autoridades y del p\u00fablico que repleto el sector para disfrutar de este gran Yoco Chilote \u201cinvitamos a toda la concurrencia a disfrutar de esta t\u00edpica gastronom\u00eda durante estos dos d\u00edas, esperamos que las autoridades nos sigan apoyando para seguir realizando esta actividad que es la m\u00e1s importante que se realiza en \u00e9poca de invierno\u201d expres\u00f3.<\/p>\n<p style=\"text-align: justify;\">Recuerde que esta actividad contin\u00faa ma\u00f1ana domingo desde muy temprano hasta que se termine toda la producci\u00f3n de esta arraigada comunidad que esta en pleno desarrollo y que posee una de las vistas m\u00e1s privilegiadas de la comuna de Castro.<\/p>\n<p style=\"text-align: justify;\">Departamento de Prensa<\/p>\n<p style=\"text-align: justify;\"><a href=\"http:\/\/www.radiochiloe.cl\/wp-content\/uploads\/2012\/07\/yoco-2.jpg\"><img loading=\"lazy\" class=\"alignnone size-medium wp-image-2420\" title=\"yoco 2\" src=\"http:\/\/www.radiochiloe.cl\/wp-content\/uploads\/2012\/07\/yoco-2-300x225.jpg\" alt=\"\" width=\"300\" height=\"225\" srcset=\"https:\/\/www.radiochiloe.cl\/wp-content\/uploads\/2012\/07\/yoco-2-300x225.jpg 300w, https:\/\/www.radiochiloe.cl\/wp-content\/uploads\/2012\/07\/yoco-2.jpg 650w\" sizes=\"(max-width: 300px) 100vw, 300px\" \/><\/a>\u00a0<a href=\"http:\/\/www.radiochiloe.cl\/wp-content\/uploads\/2012\/07\/yoco-3.jpg\"><img loading=\"lazy\" class=\"alignnone size-medium wp-image-2421\" title=\"yoco 3\" src=\"http:\/\/www.radiochiloe.cl\/wp-content\/uploads\/2012\/07\/yoco-3-300x225.jpg\" alt=\"\" width=\"300\" height=\"225\" srcset=\"https:\/\/www.radiochiloe.cl\/wp-content\/uploads\/2012\/07\/yoco-3-300x225.jpg 300w, https:\/\/www.radiochiloe.cl\/wp-content\/uploads\/2012\/07\/yoco-3.jpg 650w\" sizes=\"(max-width: 300px) 100vw, 300px\" \/><\/a>\u00a0<a href=\"http:\/\/www.radiochiloe.cl\/wp-content\/uploads\/2012\/07\/yoco-4.jpg\"><img loading=\"lazy\" class=\"alignnone size-medium wp-image-2422\" title=\"yoco 4\" src=\"http:\/\/www.radiochiloe.cl\/wp-content\/uploads\/2012\/07\/yoco-4-300x225.jpg\" alt=\"\" width=\"300\" height=\"225\" srcset=\"https:\/\/www.radiochiloe.cl\/wp-content\/uploads\/2012\/07\/yoco-4-300x225.jpg 300w, https:\/\/www.radiochiloe.cl\/wp-content\/uploads\/2012\/07\/yoco-4.jpg 650w\" sizes=\"(max-width: 300px) 100vw, 300px\" \/><\/a><\/p>\n","protected":false},"excerpt":{"rendered":"<p>Una gran cantidad de personas lleg\u00f3 hasta el sector de Llicaldad para disfrutar de dos d\u00edas llenos de nuestra rica gastronom\u00eda chilota, que no deja de ser una de las m\u00e1s potentes actividades que se desarrolla en la provincia de Chilo\u00e9 y en especial en la comuna de Castro, donde se conjuga el sacrificio de [&hellip;]<\/p>\n","protected":false},"author":2,"featured_media":2419,"comment_status":"open","ping_status":"open","sticky":false,"template":"","format":"standard","meta":[],"categories":[3],"tags":[5],"jetpack_featured_media_url":"https:\/\/www.radiochiloe.cl\/wp-content\/uploads\/2012\/07\/yoco.jpg","_links":{"self":[{"href":"https:\/\/www.radiochiloe.cl\/index.php?rest_route=\/wp\/v2\/posts\/2418"}],"collection":[{"href":"https:\/\/www.radiochiloe.cl\/index.php?rest_route=\/wp\/v2\/posts"}],"about":[{"href":"https:\/\/www.radiochiloe.cl\/index.php?rest_route=\/wp\/v2\/types\/post"}],"author":[{"embeddable":true,"href":"https:\/\/www.radiochiloe.cl\/index.php?rest_route=\/wp\/v2\/users\/2"}],"replies":[{"embeddable":true,"href":"https:\/\/www.radiochiloe.cl\/index.php?rest_route=%2Fwp%2Fv2%2Fcomments&post=2418"}],"version-history":[{"count":2,"href":"https:\/\/www.radiochiloe.cl\/index.php?rest_route=\/wp\/v2\/posts\/2418\/revisions"}],"predecessor-version":[{"id":2424,"href":"https:\/\/www.radiochiloe.cl\/index.php?rest_route=\/wp\/v2\/posts\/2418\/revisions\/2424"}],"wp:featuredmedia":[{"embeddable":true,"href":"https:\/\/www.radiochiloe.cl\/index.php?rest_route=\/wp\/v2\/media\/2419"}],"wp:attachment":[{"href":"https:\/\/www.radiochiloe.cl\/index.php?rest_route=%2Fwp%2Fv2%2Fmedia&parent=2418"}],"wp:term":[{"taxonomy":"category","embeddable":true,"href":"https:\/\/www.radiochiloe.cl\/index.php?rest_route=%2Fwp%2Fv2%2Fcategories&post=2418"},{"taxonomy":"post_tag","embeddable":true,"href":"https:\/\/www.radiochiloe.cl\/index.php?rest_route=%2Fwp%2Fv2%2Ftags&post=2418"}],"curies":[{"name":"wp","href":"https:\/\/api.w.org\/{rel}","templated":true}]}}