{"id":2434,"date":"2012-07-23T11:42:41","date_gmt":"2012-07-23T15:42:41","guid":{"rendered":"http:\/\/www.radiochiloe.cl\/?p=2434"},"modified":"2012-07-23T11:42:41","modified_gmt":"2012-07-23T15:42:41","slug":"alcalde-nelson-aguila-no-viajara-a-china","status":"publish","type":"post","link":"https:\/\/www.radiochiloe.cl\/?p=2434","title":{"rendered":"Alcalde Nelson \u00c1guila no viajar\u00e1 a China"},"content":{"rendered":"<p style=\"text-align: justify;\">Edil de la comuna de Castro agradeci\u00f3 de todas maneras la invitaci\u00f3n emanada desde el Ministerio de Obras P\u00fablicas.<\/p>\n<p style=\"text-align: justify;\">El alcalde de la comuna de Castro, Nelson \u00c1guila Serpa, decidi\u00f3 finalmente no aceptar la invitaci\u00f3n que le fuera emanada desde el Ministerio de Obras P\u00fablicas, MOP, para poder formar parte de la delegaci\u00f3n oficial que en agosto viajar\u00e1 a la Rep\u00fablica Popular China y Corea del Sur, para conocer experiencias de construcci\u00f3n de puentes de grandes magnitudes, y que podr\u00edan replicarse para el caso del Canal de Chacao, en Chilo\u00e9.<\/p>\n<p style=\"text-align: justify;\">Hace unos 15 d\u00edas fue precisamente el titular del MOP, Laurence Golborne, quien llam\u00f3 al alcalde \u00c1guila para cursarle dicha invitaci\u00f3n y explicarle los detalles del viaje. La comunicaci\u00f3n lleg\u00f3 por escrito los pasados d\u00edas, al igual que el programa de la gira. Pero luego de analizar la situaci\u00f3n y por razones de distinta \u00edndole, el alcalde \u00c1guila decidi\u00f3 no viajar al continente asi\u00e1tico.<\/p>\n<p style=\"text-align: justify;\">\u201cQuiero manifestar mi satisfacci\u00f3n porque el ministro me haya hecho parte de esta delegaci\u00f3n, as\u00ed es que quiero agradecer esa consideraci\u00f3n, esa amabilidad, algo que uno a veces no encuentra en otras autoridades de menor nivel del Gobierno\u201d, expres\u00f3 el edil de la capital provincial de Chilo\u00e9.<\/p>\n<p style=\"text-align: justify;\">A juicio de \u00c1guila, esta invitaci\u00f3n obedece a la larga trayectoria que ha desarrollado como alcalde y como autoridad representativa de la comuna de Castro, por ello reiter\u00f3 sus agradecimientos hacia el ministro Golborne, a quien se le comunicar\u00e1 por escrito la decisi\u00f3n tomada por el alcalde de Castro.<\/p>\n<p style=\"text-align: justify;\">\u201cLe deseo a toda la delegaci\u00f3n que va a representar a Chile en esta importante gesti\u00f3n, que tiene que ver con la construcci\u00f3n de puentes\u2026y el objetivo de fondo es c\u00f3mo la tecnolog\u00eda de China se puede implementar para la construcci\u00f3n del puente en el canal de Chacao, les vaya bien, porque yo adem\u00e1s conf\u00edo en que ese proyecto efectivamente se pueda llevar a cabo\u201d, dijo el alcalde \u00c1guila, quien aprovech\u00f3 de reiterar que valoraba la decisi\u00f3n del Gobierno de construir el viaducto, sin embargo record\u00f3 que hay tambi\u00e9n otros proyectos y necesidades que hay que cubrir en Chilo\u00e9, como por ejemplo mejorar la conectividad interna y la salud, por mencionar la larga lista de demandas.<\/p>\n<p style=\"text-align: justify;\">Finalmente, el alcalde castre\u00f1o agreg\u00f3 que quer\u00eda decirle a la opini\u00f3n p\u00fablica de Castro que tengan la tranquilidad que \u00e9l no va a hacer uso de ning\u00fan recurso municipal para viajar a China.<\/p>\n<p style=\"text-align: justify;\">Departamento de Prensa<\/p>\n","protected":false},"excerpt":{"rendered":"<p>Edil de la comuna de Castro agradeci\u00f3 de todas maneras la invitaci\u00f3n emanada desde el Ministerio de Obras P\u00fablicas. El alcalde de la comuna de Castro, Nelson \u00c1guila Serpa, decidi\u00f3 finalmente no aceptar la invitaci\u00f3n que le fuera emanada desde el Ministerio de Obras P\u00fablicas, MOP, para poder formar parte de la delegaci\u00f3n oficial que [&hellip;]<\/p>\n","protected":false},"author":2,"featured_media":2436,"comment_status":"open","ping_status":"open","sticky":false,"template":"","format":"standard","meta":[],"categories":[3],"tags":[5],"jetpack_featured_media_url":"https:\/\/www.radiochiloe.cl\/wp-content\/uploads\/2012\/07\/noviaja.jpg","_links":{"self":[{"href":"https:\/\/www.radiochiloe.cl\/index.php?rest_route=\/wp\/v2\/posts\/2434"}],"collection":[{"href":"https:\/\/www.radiochiloe.cl\/index.php?rest_route=\/wp\/v2\/posts"}],"about":[{"href":"https:\/\/www.radiochiloe.cl\/index.php?rest_route=\/wp\/v2\/types\/post"}],"author":[{"embeddable":true,"href":"https:\/\/www.radiochiloe.cl\/index.php?rest_route=\/wp\/v2\/users\/2"}],"replies":[{"embeddable":true,"href":"https:\/\/www.radiochiloe.cl\/index.php?rest_route=%2Fwp%2Fv2%2Fcomments&post=2434"}],"version-history":[{"count":1,"href":"https:\/\/www.radiochiloe.cl\/index.php?rest_route=\/wp\/v2\/posts\/2434\/revisions"}],"predecessor-version":[{"id":2437,"href":"https:\/\/www.radiochiloe.cl\/index.php?rest_route=\/wp\/v2\/posts\/2434\/revisions\/2437"}],"wp:featuredmedia":[{"embeddable":true,"href":"https:\/\/www.radiochiloe.cl\/index.php?rest_route=\/wp\/v2\/media\/2436"}],"wp:attachment":[{"href":"https:\/\/www.radiochiloe.cl\/index.php?rest_route=%2Fwp%2Fv2%2Fmedia&parent=2434"}],"wp:term":[{"taxonomy":"category","embeddable":true,"href":"https:\/\/www.radiochiloe.cl\/index.php?rest_route=%2Fwp%2Fv2%2Fcategories&post=2434"},{"taxonomy":"post_tag","embeddable":true,"href":"https:\/\/www.radiochiloe.cl\/index.php?rest_route=%2Fwp%2Fv2%2Ftags&post=2434"}],"curies":[{"name":"wp","href":"https:\/\/api.w.org\/{rel}","templated":true}]}}