{"id":2438,"date":"2012-07-23T16:36:41","date_gmt":"2012-07-23T20:36:41","guid":{"rendered":"http:\/\/www.radiochiloe.cl\/?p=2438"},"modified":"2012-07-23T16:36:41","modified_gmt":"2012-07-23T20:36:41","slug":"vecinos-de-nercon-protestaron-en-contra-de-instalacion-de-antena-de-celular","status":"publish","type":"post","link":"https:\/\/www.radiochiloe.cl\/?p=2438","title":{"rendered":"Vecinos de Nerc\u00f3n protestaron en contra de instalaci\u00f3n de antena de celular"},"content":{"rendered":"<p style=\"text-align: justify;\">Durante aproximadamente una hora permanecieron los vecinos del sector de Nerc\u00f3n en la ruta 5 sur en repudio a la instalaci\u00f3n de una antena de celular cerca de la escuela b\u00e1sica, de la posta del sector y de la iglesia Patrimonio de la Humanidad.<\/p>\n<p style=\"text-align: justify;\">En la oportunidad el presidente de la junta de vecinos Domingo Montiel estableci\u00f3 esperan que el alcalde de Castro Nelson \u00c1guila env\u00ede ha alg\u00fan funcionario, espec\u00edficamente del departamento de obras para esclarecer cuales son los pasos a seguir ante esta inminente instalaci\u00f3n de una antena de celular de la empresa Claro \u201clo \u00fanico que esperamos es que la autoridad comunal de la cara o sino un representante del departamento de obras y nos explique si se puede o no sacara esta antena de aqu\u00ed, nosotros hoy estamos luchando por nuestros derechos no por campa\u00f1as pol\u00edticas\u201d expres\u00f3 el dirigente.<\/p>\n<p style=\"text-align: justify;\">Al conocer lo sucedido en la ruta el alcalde de Castro de inmediato saco la voz desde Puerto Montt respondiendo que la municipalidad ya se contacto con la empresa para establecer un reuni\u00f3n con los vecinos y adem\u00e1s explic\u00f3 que a trav\u00e9s del asesor jur\u00eddico de la Corporaci\u00f3n Municipal se interpondr\u00e1 un recursos de protecci\u00f3n a favor de los m\u00e1s de 90 alumnos que estudian en la escuela b\u00e1sica del sector \u201cyo creo que los encabezan esta manifestaci\u00f3n, como el se\u00f1or B\u00f3rquez, est\u00e1n haciendo un verdadero show, porque se esta solicitando la presencia de funcionarios y eso no corresponde, aqu\u00ed el \u00fanico que tiene dar la cara es el subsecretario de Telecomunicaciones quien fue el que autorizo esta antena, adem\u00e1s ya estamos haciendo las gestiones para interponer la demanda correspondiente, entones parece que se desconoce lo que el municipio esta realizando\u201d sentenci\u00f3.<\/p>\n<p style=\"text-align: justify;\">Cabe mencionar que hasta el sector lleg\u00f3 personal de Carabineros, quienes despejaron la ruta resultando una persona detenida identificada como Susana Vel\u00e1squez, producto de alg\u00fan desorden que se estableci\u00f3 cuando la mayor\u00eda de las personas protestaba interrumpiendo el normal tr\u00e1nsito en la ruta 5.<\/p>\n<p style=\"text-align: justify;\">Departamento de Prensa<\/p>\n<p style=\"text-align: justify;\"><a href=\"http:\/\/www.radiochiloe.cl\/wp-content\/uploads\/2012\/07\/nercon.jpg\"><img loading=\"lazy\" class=\"alignnone size-medium wp-image-2440\" title=\"nercon\" src=\"http:\/\/www.radiochiloe.cl\/wp-content\/uploads\/2012\/07\/nercon-300x225.jpg\" alt=\"\" width=\"300\" height=\"225\" srcset=\"https:\/\/www.radiochiloe.cl\/wp-content\/uploads\/2012\/07\/nercon-300x225.jpg 300w, https:\/\/www.radiochiloe.cl\/wp-content\/uploads\/2012\/07\/nercon.jpg 650w\" sizes=\"(max-width: 300px) 100vw, 300px\" \/><\/a>\u00a0<a href=\"http:\/\/www.radiochiloe.cl\/wp-content\/uploads\/2012\/07\/nercon-2.jpg\"><img loading=\"lazy\" class=\"alignnone size-medium wp-image-2441\" title=\"nercon 2\" src=\"http:\/\/www.radiochiloe.cl\/wp-content\/uploads\/2012\/07\/nercon-2-300x225.jpg\" alt=\"\" width=\"300\" height=\"225\" srcset=\"https:\/\/www.radiochiloe.cl\/wp-content\/uploads\/2012\/07\/nercon-2-300x225.jpg 300w, https:\/\/www.radiochiloe.cl\/wp-content\/uploads\/2012\/07\/nercon-2.jpg 650w\" sizes=\"(max-width: 300px) 100vw, 300px\" \/><\/a><\/p>\n","protected":false},"excerpt":{"rendered":"<p>Durante aproximadamente una hora permanecieron los vecinos del sector de Nerc\u00f3n en la ruta 5 sur en repudio a la instalaci\u00f3n de una antena de celular cerca de la escuela b\u00e1sica, de la posta del sector y de la iglesia Patrimonio de la Humanidad. En la oportunidad el presidente de la junta de vecinos Domingo [&hellip;]<\/p>\n","protected":false},"author":2,"featured_media":2439,"comment_status":"open","ping_status":"open","sticky":false,"template":"","format":"standard","meta":[],"categories":[3],"tags":[5],"jetpack_featured_media_url":"https:\/\/www.radiochiloe.cl\/wp-content\/uploads\/2012\/07\/antenas.jpg","_links":{"self":[{"href":"https:\/\/www.radiochiloe.cl\/index.php?rest_route=\/wp\/v2\/posts\/2438"}],"collection":[{"href":"https:\/\/www.radiochiloe.cl\/index.php?rest_route=\/wp\/v2\/posts"}],"about":[{"href":"https:\/\/www.radiochiloe.cl\/index.php?rest_route=\/wp\/v2\/types\/post"}],"author":[{"embeddable":true,"href":"https:\/\/www.radiochiloe.cl\/index.php?rest_route=\/wp\/v2\/users\/2"}],"replies":[{"embeddable":true,"href":"https:\/\/www.radiochiloe.cl\/index.php?rest_route=%2Fwp%2Fv2%2Fcomments&post=2438"}],"version-history":[{"count":1,"href":"https:\/\/www.radiochiloe.cl\/index.php?rest_route=\/wp\/v2\/posts\/2438\/revisions"}],"predecessor-version":[{"id":2442,"href":"https:\/\/www.radiochiloe.cl\/index.php?rest_route=\/wp\/v2\/posts\/2438\/revisions\/2442"}],"wp:featuredmedia":[{"embeddable":true,"href":"https:\/\/www.radiochiloe.cl\/index.php?rest_route=\/wp\/v2\/media\/2439"}],"wp:attachment":[{"href":"https:\/\/www.radiochiloe.cl\/index.php?rest_route=%2Fwp%2Fv2%2Fmedia&parent=2438"}],"wp:term":[{"taxonomy":"category","embeddable":true,"href":"https:\/\/www.radiochiloe.cl\/index.php?rest_route=%2Fwp%2Fv2%2Fcategories&post=2438"},{"taxonomy":"post_tag","embeddable":true,"href":"https:\/\/www.radiochiloe.cl\/index.php?rest_route=%2Fwp%2Fv2%2Ftags&post=2438"}],"curies":[{"name":"wp","href":"https:\/\/api.w.org\/{rel}","templated":true}]}}