{"id":2450,"date":"2012-07-24T13:20:00","date_gmt":"2012-07-24T17:20:00","guid":{"rendered":"http:\/\/www.radiochiloe.cl\/?p=2450"},"modified":"2012-07-24T13:20:00","modified_gmt":"2012-07-24T17:20:00","slug":"parte-instalacion-de-nuevas-camaras-de-televigilancia-en-castro","status":"publish","type":"post","link":"https:\/\/www.radiochiloe.cl\/?p=2450","title":{"rendered":"Parte instalaci\u00f3n de nuevas c\u00e1maras de televigilancia en Castro"},"content":{"rendered":"<p style=\"text-align: justify;\">Otro proyecto municipal comienza a ser concretado para otorgar mayor seguridad a los vecinos.<\/p>\n<p style=\"text-align: justify;\">Comienza la instalaci\u00f3n de las siete nuevas c\u00e1maras de televigilancia con las que contar\u00e1 la comuna de Castro. Los pasados d\u00edas se dio inicio a la entrega del terreno de este importante proyecto encabezado por el municipio local, y que involucra una inversi\u00f3n de m\u00e1s de 48 millones de pesos, proporcionados por el Fondo Nacional de Desarrollo Regional, FNDR, y que fue dado a conocer cuando en Castro se anunci\u00f3 la implementaci\u00f3n del Plan Cuadrante a comienzos del a\u00f1o 2009.<\/p>\n<p style=\"text-align: justify;\">De esta manera, y tras una larga espera, se logra dar el vamos a tan importante iniciativa ciudadana que complementar\u00e1 a las otras siete c\u00e1maras que ya funcionan en la ciudad, entregando de este modo una mayor sensaci\u00f3n de seguridad para los habitantes de la capital provincial.<\/p>\n<p style=\"text-align: justify;\">Seg\u00fan lo expuesto por el alcalde de la comuna de Castro, Nelson \u00c1guila Serpa, el pasado jueves ya se hizo la entrega del terreno a la empresa Emach Card Ltda (firma a cargo de las faenas), y esta semana partir\u00e1n los trabajos, por esta raz\u00f3n el jefe comunal manifest\u00f3 su satisfacci\u00f3n, m\u00e1s a\u00fan cuando la instancia fue elaborada por la Municipalidad, a trav\u00e9s de una mesa de trabajo comunal de seguridad p\u00fablica, donde participaron dirigentes sociales, Carabineros, Polic\u00eda de Investigaciones, Ministerio P\u00fablico, entre otros organismos.<\/p>\n<p style=\"text-align: justify;\">\u201cEste proyecto tiene un plazo de 45 d\u00edas, vale decir a mediados de septiembre deber\u00edan estar funcionando estas nuevas c\u00e1maras que obviamente nos van a otorgar mayor seguridad sobre todo a los vecinos que transitan por los sectores c\u00e9ntricos de Castro\u201d, acot\u00f3 el alcalde \u00c1guila, quien agreg\u00f3 adem\u00e1s que esta instalaci\u00f3n representa un avance considerable en temas de seguridad p\u00fablica.<\/p>\n<p style=\"text-align: justify;\">Estas siete c\u00e1maras se ubicar\u00e1n en los sectores de Punta Diamante, Terminal Municipal, Galvarino Riveros con Freire, Feria Yumbel y las calles Sotomayor, Portales y Eleuterio Ram\u00edrez.<\/p>\n<p style=\"text-align: justify;\">\u201cLas c\u00e1maras han sido un instrumento muy eficaz para prevenir el delito, para que la gente sepa que el centro de Castro vamos a tener m\u00e1s c\u00e1maras de televigilancia, y que van a estar siendo monitoreadas desde la Central de Comunicaciones de Carabineros. Otro proyecto municipal que est\u00e1 saliendo adelante\u201d, expres\u00f3 \u00c1guila<\/p>\n<p style=\"text-align: justify;\">Finalmente, el alcalde \u00c1guila reiter\u00f3 que todo lo que se haga en pos de entregar una mayor sensaci\u00f3n de seguridad es valorado y aplaudido, por ello se confirma la tarea del municipio de recoger todas las inquietudes ciudadanas que tanto preocupan a la poblaci\u00f3n y poder transformarlos posteriormente en proyectos, en este caso que garanticen una mayor seguridad y tranquilidad de los vecinos que residen en el centro de la ciudad y aquellos que transitan diariamente por las calles c\u00e9ntricas.<\/p>\n<p style=\"text-align: justify;\">Departamento de Prensa<\/p>\n","protected":false},"excerpt":{"rendered":"<p>Otro proyecto municipal comienza a ser concretado para otorgar mayor seguridad a los vecinos. Comienza la instalaci\u00f3n de las siete nuevas c\u00e1maras de televigilancia con las que contar\u00e1 la comuna de Castro. Los pasados d\u00edas se dio inicio a la entrega del terreno de este importante proyecto encabezado por el municipio local, y que involucra [&hellip;]<\/p>\n","protected":false},"author":2,"featured_media":2451,"comment_status":"open","ping_status":"open","sticky":false,"template":"","format":"standard","meta":[],"categories":[3],"tags":[5],"jetpack_featured_media_url":"https:\/\/www.radiochiloe.cl\/wp-content\/uploads\/2012\/07\/terminal.jpg","_links":{"self":[{"href":"https:\/\/www.radiochiloe.cl\/index.php?rest_route=\/wp\/v2\/posts\/2450"}],"collection":[{"href":"https:\/\/www.radiochiloe.cl\/index.php?rest_route=\/wp\/v2\/posts"}],"about":[{"href":"https:\/\/www.radiochiloe.cl\/index.php?rest_route=\/wp\/v2\/types\/post"}],"author":[{"embeddable":true,"href":"https:\/\/www.radiochiloe.cl\/index.php?rest_route=\/wp\/v2\/users\/2"}],"replies":[{"embeddable":true,"href":"https:\/\/www.radiochiloe.cl\/index.php?rest_route=%2Fwp%2Fv2%2Fcomments&post=2450"}],"version-history":[{"count":1,"href":"https:\/\/www.radiochiloe.cl\/index.php?rest_route=\/wp\/v2\/posts\/2450\/revisions"}],"predecessor-version":[{"id":2452,"href":"https:\/\/www.radiochiloe.cl\/index.php?rest_route=\/wp\/v2\/posts\/2450\/revisions\/2452"}],"wp:featuredmedia":[{"embeddable":true,"href":"https:\/\/www.radiochiloe.cl\/index.php?rest_route=\/wp\/v2\/media\/2451"}],"wp:attachment":[{"href":"https:\/\/www.radiochiloe.cl\/index.php?rest_route=%2Fwp%2Fv2%2Fmedia&parent=2450"}],"wp:term":[{"taxonomy":"category","embeddable":true,"href":"https:\/\/www.radiochiloe.cl\/index.php?rest_route=%2Fwp%2Fv2%2Fcategories&post=2450"},{"taxonomy":"post_tag","embeddable":true,"href":"https:\/\/www.radiochiloe.cl\/index.php?rest_route=%2Fwp%2Fv2%2Ftags&post=2450"}],"curies":[{"name":"wp","href":"https:\/\/api.w.org\/{rel}","templated":true}]}}