{"id":2453,"date":"2012-07-24T13:26:20","date_gmt":"2012-07-24T17:26:20","guid":{"rendered":"http:\/\/www.radiochiloe.cl\/?p=2453"},"modified":"2012-07-24T13:26:20","modified_gmt":"2012-07-24T17:26:20","slug":"alcalde-de-ancud-se-reune-con-vecinos-de-caicumeo-por-instalacion-de-antena-de-telefonia-celular","status":"publish","type":"post","link":"https:\/\/www.radiochiloe.cl\/?p=2453","title":{"rendered":"Alcalde de Ancud se re\u00fane con vecinos de Caicumeo por instalaci\u00f3n de Antena de Telefon\u00eda Celular"},"content":{"rendered":"<p style=\"text-align: justify;\">Un nuevo caso de instalaci\u00f3n de telefon\u00eda celular afecta a vecinos de Ancud. Esta vez la situaci\u00f3n afecta a m\u00e1s de 200 familias del sector de Caicumeo, en calle los Aromos quienes de manera repentina se dieron cuenta del levantamiento de una antena de telefon\u00eda celular en un lugar residencial y que ha provocado el total rechazo de la comunidad.<\/p>\n<p style=\"text-align: justify;\">En este sentido el Alcalde de Ancud Federico Kruger r\u00e1pidamente tom\u00f3 cartas en el asunto, durante esta ma\u00f1ana y se reuni\u00f3 con algunas vecinas y la presidenta de la junta vecinal de Caracoles Georgina Gallardo, a quienes escuch\u00f3 atentamente y sugiri\u00f3 los pasos a seguir. El edil ancuditano se\u00f1al\u00f3 que se estudiara la situaci\u00f3n con asesor\u00eda jur\u00eddica a fin de conocer los alcances del tema y se mostr\u00f3 dispuesto a conversar con los vecinos para conocer en detalle de esta nueva instalaci\u00f3n, haciendo alusi\u00f3n a la nueva ley en materia de telecomunicaciones. La dirigente Georgina Gallardo dijo que \u201cAhora estamos m\u00e1s tranquilas y agradecidas con las palabras del Alcalde, porque nos recibi\u00f3 y pudimos explicarle personalmente los problemas que se han generado con este tema de las antenas\u201d dijo Gallardo quien adem\u00e1s llevo una carta con 200 firmas que se oponen a la antena en el sector de Caicumeo.<\/p>\n<p style=\"text-align: justify;\">Para la jornada de ma\u00f1ana mi\u00e9rcoles el edil comprometi\u00f3 el apoyo de la Municipalidad de Ancud en esta materia-, en el marco de una reuni\u00f3n que se desarrollar\u00e1 en el sector- al igual que el a\u00f1o pasado cuando vecinos de calle Baquedano hicieron el mismo reclamo ante la existencia de una antena de telefon\u00eda celular y que convoc\u00f3 a varias familias, que reclamaban por la forma en que se gener\u00f3 esta acci\u00f3n.<\/p>\n<p style=\"text-align: justify;\">Departamento de Prensa<\/p>\n","protected":false},"excerpt":{"rendered":"<p>Un nuevo caso de instalaci\u00f3n de telefon\u00eda celular afecta a vecinos de Ancud. Esta vez la situaci\u00f3n afecta a m\u00e1s de 200 familias del sector de Caicumeo, en calle los Aromos quienes de manera repentina se dieron cuenta del levantamiento de una antena de telefon\u00eda celular en un lugar residencial y que ha provocado el [&hellip;]<\/p>\n","protected":false},"author":2,"featured_media":2454,"comment_status":"open","ping_status":"open","sticky":false,"template":"","format":"standard","meta":[],"categories":[3],"tags":[5],"jetpack_featured_media_url":"https:\/\/www.radiochiloe.cl\/wp-content\/uploads\/2012\/07\/antenasancud.jpg","_links":{"self":[{"href":"https:\/\/www.radiochiloe.cl\/index.php?rest_route=\/wp\/v2\/posts\/2453"}],"collection":[{"href":"https:\/\/www.radiochiloe.cl\/index.php?rest_route=\/wp\/v2\/posts"}],"about":[{"href":"https:\/\/www.radiochiloe.cl\/index.php?rest_route=\/wp\/v2\/types\/post"}],"author":[{"embeddable":true,"href":"https:\/\/www.radiochiloe.cl\/index.php?rest_route=\/wp\/v2\/users\/2"}],"replies":[{"embeddable":true,"href":"https:\/\/www.radiochiloe.cl\/index.php?rest_route=%2Fwp%2Fv2%2Fcomments&post=2453"}],"version-history":[{"count":1,"href":"https:\/\/www.radiochiloe.cl\/index.php?rest_route=\/wp\/v2\/posts\/2453\/revisions"}],"predecessor-version":[{"id":2455,"href":"https:\/\/www.radiochiloe.cl\/index.php?rest_route=\/wp\/v2\/posts\/2453\/revisions\/2455"}],"wp:featuredmedia":[{"embeddable":true,"href":"https:\/\/www.radiochiloe.cl\/index.php?rest_route=\/wp\/v2\/media\/2454"}],"wp:attachment":[{"href":"https:\/\/www.radiochiloe.cl\/index.php?rest_route=%2Fwp%2Fv2%2Fmedia&parent=2453"}],"wp:term":[{"taxonomy":"category","embeddable":true,"href":"https:\/\/www.radiochiloe.cl\/index.php?rest_route=%2Fwp%2Fv2%2Fcategories&post=2453"},{"taxonomy":"post_tag","embeddable":true,"href":"https:\/\/www.radiochiloe.cl\/index.php?rest_route=%2Fwp%2Fv2%2Ftags&post=2453"}],"curies":[{"name":"wp","href":"https:\/\/api.w.org\/{rel}","templated":true}]}}