{"id":2456,"date":"2012-07-24T13:32:07","date_gmt":"2012-07-24T17:32:07","guid":{"rendered":"http:\/\/www.radiochiloe.cl\/?p=2456"},"modified":"2012-07-24T13:32:07","modified_gmt":"2012-07-24T17:32:07","slug":"artesanos-rurales-de-castro-expondran-sus-creaciones-en-la-expo-fibras","status":"publish","type":"post","link":"https:\/\/www.radiochiloe.cl\/?p=2456","title":{"rendered":"Artesanos rurales de Castro expondr\u00e1n sus creaciones en la Expo Fibras"},"content":{"rendered":"<p style=\"text-align: justify;\">Desde hoy martes 24 de julio y hasta el 10 de agosto, en la Sala 5 del Centro Cultural de Castro se estar\u00e1 exhibiendo las creaciones de artesanos rurales de la comuna de Castro en la actividad denominada EXPO FIBRAS.<\/p>\n<p style=\"text-align: justify;\">Se trata de destacados exponentes de la artesan\u00eda en fibra vegetal, portadores de conocimientos y t\u00e9cnicas ancestrales que han heredado de generaci\u00f3n en generaci\u00f3n. Son figuras representativas de la artesan\u00eda tradicional, as\u00ed como en la l\u00ednea de innovaci\u00f3n. De esta forma Enolfa P\u00e9rez (Ril\u00e1n), Luis B\u00e1ez (Cha\u00f1ihue), Carlos \u00c1guila (San Pedro), Jos\u00e9 \u00c1guila (Pid-Pid) y Adelina Soto (La Chacra) recibir\u00e1n el reconocimiento del p\u00fablico que visitar\u00e1 la exposici\u00f3n, adem\u00e1s podr\u00e1n ense\u00f1ar a ni\u00f1os y adultos en los distintos talleres y charlas educativas que est\u00e1n programadas en el marco de la actividad que es un recorrido did\u00e1ctico sobre el proceso de elaboraci\u00f3n de cada objeto.<\/p>\n<p style=\"text-align: justify;\">Esta iniciativa est\u00e1 enmarcada en la l\u00ednea de \u201cActividades Educativas Patrimoniales\u201d que est\u00e1 impulsando el Departamento de Cultura de la Municipalidad de Castro en conjunto con la Oficina de Turismo, el Museo de Castro y la Corporaci\u00f3n Municipal de Educaci\u00f3n, con la finalidad de poner en valor el conocimiento de nuestros cultores en las m\u00e1s diversas \u00e1reas del Patrimonio Cultural, expresiones portadoras de la identidad cultural como lo es la artesan\u00eda.<\/p>\n<p style=\"text-align: justify;\">Se espera que dicha exposici\u00f3n pueda posteriormente itinerar por diversos lugares de Castro para luego quedar de manera permanente en las dependencias de la Escuela Patrimonial de Artesan\u00edas y Oficios de Lingue.<\/p>\n<p style=\"text-align: justify;\">Los invitamos cordialmente a visitar la EXPO FIBRAS de lunes a viernes de 10:00 a 13:00 hrs. y de 15:00 a 19:00 hrs.<\/p>\n<p style=\"text-align: justify;\">Departamento de Prensa<\/p>\n","protected":false},"excerpt":{"rendered":"<p>Desde hoy martes 24 de julio y hasta el 10 de agosto, en la Sala 5 del Centro Cultural de Castro se estar\u00e1 exhibiendo las creaciones de artesanos rurales de la comuna de Castro en la actividad denominada EXPO FIBRAS. Se trata de destacados exponentes de la artesan\u00eda en fibra vegetal, portadores de conocimientos y [&hellip;]<\/p>\n","protected":false},"author":2,"featured_media":2457,"comment_status":"open","ping_status":"open","sticky":false,"template":"","format":"standard","meta":[],"categories":[3],"tags":[5],"jetpack_featured_media_url":"https:\/\/www.radiochiloe.cl\/wp-content\/uploads\/2012\/07\/expofibras.jpg","_links":{"self":[{"href":"https:\/\/www.radiochiloe.cl\/index.php?rest_route=\/wp\/v2\/posts\/2456"}],"collection":[{"href":"https:\/\/www.radiochiloe.cl\/index.php?rest_route=\/wp\/v2\/posts"}],"about":[{"href":"https:\/\/www.radiochiloe.cl\/index.php?rest_route=\/wp\/v2\/types\/post"}],"author":[{"embeddable":true,"href":"https:\/\/www.radiochiloe.cl\/index.php?rest_route=\/wp\/v2\/users\/2"}],"replies":[{"embeddable":true,"href":"https:\/\/www.radiochiloe.cl\/index.php?rest_route=%2Fwp%2Fv2%2Fcomments&post=2456"}],"version-history":[{"count":1,"href":"https:\/\/www.radiochiloe.cl\/index.php?rest_route=\/wp\/v2\/posts\/2456\/revisions"}],"predecessor-version":[{"id":2458,"href":"https:\/\/www.radiochiloe.cl\/index.php?rest_route=\/wp\/v2\/posts\/2456\/revisions\/2458"}],"wp:featuredmedia":[{"embeddable":true,"href":"https:\/\/www.radiochiloe.cl\/index.php?rest_route=\/wp\/v2\/media\/2457"}],"wp:attachment":[{"href":"https:\/\/www.radiochiloe.cl\/index.php?rest_route=%2Fwp%2Fv2%2Fmedia&parent=2456"}],"wp:term":[{"taxonomy":"category","embeddable":true,"href":"https:\/\/www.radiochiloe.cl\/index.php?rest_route=%2Fwp%2Fv2%2Fcategories&post=2456"},{"taxonomy":"post_tag","embeddable":true,"href":"https:\/\/www.radiochiloe.cl\/index.php?rest_route=%2Fwp%2Fv2%2Ftags&post=2456"}],"curies":[{"name":"wp","href":"https:\/\/api.w.org\/{rel}","templated":true}]}}