{"id":2467,"date":"2012-07-24T18:27:03","date_gmt":"2012-07-24T22:27:03","guid":{"rendered":"http:\/\/www.radiochiloe.cl\/?p=2467"},"modified":"2012-07-24T18:27:03","modified_gmt":"2012-07-24T22:27:03","slug":"municipalidad-de-castro-ordena-paralizacion-de-obras-de-instalacion-de-antena-de-celular-en-nercon","status":"publish","type":"post","link":"https:\/\/www.radiochiloe.cl\/?p=2467","title":{"rendered":"Municipalidad de Castro ordena paralizaci\u00f3n de obras de instalaci\u00f3n de antena de celular en Nerc\u00f3n"},"content":{"rendered":"<p style=\"text-align: justify;\">Una carta certificada a la compa\u00f1\u00eda Claro env\u00edo esta tarde el municipio de la capital provincial de Chilo\u00e9.<\/p>\n<p style=\"text-align: justify;\">Una orden de paralizaci\u00f3n total de las obras de instalaci\u00f3n de la antena de telefon\u00eda celular perteneciente a la empresa Claro Chile S.A., que se levanta en Nerc\u00f3n, acaba de dictaminar la Municipalidad de la comuna de Castro, a trav\u00e9s de la Direcci\u00f3n de Obras Municipales, DOM.<\/p>\n<p style=\"text-align: justify;\">De esta manera, el municipio local a trav\u00e9s de una carta certificada enviada a la compa\u00f1\u00eda antes mencionada, comunica que las faenas deben detenerse. Todo se explica debido a que el 11 de junio de este a\u00f1o entr\u00f3 en vigencia, tras su publicaci\u00f3n en el Diario Oficial, la Ley 20.599, que regula la instalaci\u00f3n de antenas emisoras y transmisoras de servicios de telecomunicaciones.<\/p>\n<p style=\"text-align: justify;\">El art\u00edculo de la referida norma modific\u00f3 la Ley General de Urbanismo y Construcciones, espec\u00edficamente en su Art\u00edculo 116 bis F, el cual se\u00f1ala que \u201ctoda torre soporte de antenas y sistemas radiantes de transmisi\u00f3n de telecomunicaciones de m\u00e1s de doce metros de altura, incluidos en ello sus antenas y sistemas radiantes, instalada por concesionarios, requerir\u00e1 permiso de instalaci\u00f3n de la Direcci\u00f3n de Obras Municipales respectiva\u201d.<\/p>\n<p style=\"text-align: justify;\">El pasado 17 de julio, mediante comunicaci\u00f3n ingresada a la Ilustre Municipalidad de Castro por los vecinos de la comunidad y la Junta de Vecinos N\u00b0 33 de Nerc\u00f3n, se denuncia la instalaci\u00f3n de referida antena, raz\u00f3n por la cual al d\u00eda siguiente se realiz\u00f3 una visita inspectiva de un inspector municipal de la DOM, ocasi\u00f3n en la que se verific\u00f3 que la instalaci\u00f3n de la estructura no cuenta con el permiso de instalaci\u00f3n de la Direcci\u00f3n de Obras del municipio castre\u00f1o.<\/p>\n<p style=\"text-align: justify;\">Por esta raz\u00f3n, con fecha 24 de julio, se ordena a la empresa Claro Chile S.A., la paralizaci\u00f3n inmediata y total de la obra. Asimismo, se le concede un plazo de 60 d\u00edas a la entidad en cuesti\u00f3n para subsanar las observaciones formuladas.<\/p>\n<p style=\"text-align: justify;\">Por otra parte, mencionar que durante esta ma\u00f1ana la Corporaci\u00f3n Municipal de Educaci\u00f3n, Salud y Atenci\u00f3n al Menor, present\u00f3 un recurso de protecci\u00f3n ante a favor de la comunidad de Nerc\u00f3n y contra la empresa Claro y el vecino que arrend\u00f3 terreno para su instalaci\u00f3n.<\/p>\n<p style=\"text-align: justify;\">\u201cQueremos la paralizaci\u00f3n de las obras, el desistimiento de la instalaci\u00f3n de la antena en medio de nuestra comunidad por parte de la empresa, queremos proteger a nuestros ni\u00f1os y profesores de la escuela, a nuestros vecinos que se atienden en la posta y a todos quienes viven en este hermoso lugar\u201d, se\u00f1al\u00f3 al momento de presentar este recurso en la Corte de Apelaciones de Puerto Montt, el secretario general de la Corporaci\u00f3n Municipal, Carlos Delgado.<\/p>\n<p style=\"text-align: justify;\">Departamento de Prensa<\/p>\n","protected":false},"excerpt":{"rendered":"<p>Una carta certificada a la compa\u00f1\u00eda Claro env\u00edo esta tarde el municipio de la capital provincial de Chilo\u00e9. Una orden de paralizaci\u00f3n total de las obras de instalaci\u00f3n de la antena de telefon\u00eda celular perteneciente a la empresa Claro Chile S.A., que se levanta en Nerc\u00f3n, acaba de dictaminar la Municipalidad de la comuna de [&hellip;]<\/p>\n","protected":false},"author":2,"featured_media":2468,"comment_status":"open","ping_status":"open","sticky":false,"template":"","format":"standard","meta":[],"categories":[3],"tags":[5],"jetpack_featured_media_url":"https:\/\/www.radiochiloe.cl\/wp-content\/uploads\/2012\/07\/nercon-21.jpg","_links":{"self":[{"href":"https:\/\/www.radiochiloe.cl\/index.php?rest_route=\/wp\/v2\/posts\/2467"}],"collection":[{"href":"https:\/\/www.radiochiloe.cl\/index.php?rest_route=\/wp\/v2\/posts"}],"about":[{"href":"https:\/\/www.radiochiloe.cl\/index.php?rest_route=\/wp\/v2\/types\/post"}],"author":[{"embeddable":true,"href":"https:\/\/www.radiochiloe.cl\/index.php?rest_route=\/wp\/v2\/users\/2"}],"replies":[{"embeddable":true,"href":"https:\/\/www.radiochiloe.cl\/index.php?rest_route=%2Fwp%2Fv2%2Fcomments&post=2467"}],"version-history":[{"count":2,"href":"https:\/\/www.radiochiloe.cl\/index.php?rest_route=\/wp\/v2\/posts\/2467\/revisions"}],"predecessor-version":[{"id":2470,"href":"https:\/\/www.radiochiloe.cl\/index.php?rest_route=\/wp\/v2\/posts\/2467\/revisions\/2470"}],"wp:featuredmedia":[{"embeddable":true,"href":"https:\/\/www.radiochiloe.cl\/index.php?rest_route=\/wp\/v2\/media\/2468"}],"wp:attachment":[{"href":"https:\/\/www.radiochiloe.cl\/index.php?rest_route=%2Fwp%2Fv2%2Fmedia&parent=2467"}],"wp:term":[{"taxonomy":"category","embeddable":true,"href":"https:\/\/www.radiochiloe.cl\/index.php?rest_route=%2Fwp%2Fv2%2Fcategories&post=2467"},{"taxonomy":"post_tag","embeddable":true,"href":"https:\/\/www.radiochiloe.cl\/index.php?rest_route=%2Fwp%2Fv2%2Ftags&post=2467"}],"curies":[{"name":"wp","href":"https:\/\/api.w.org\/{rel}","templated":true}]}}