{"id":2471,"date":"2012-07-25T07:30:39","date_gmt":"2012-07-25T11:30:39","guid":{"rendered":"http:\/\/www.radiochiloe.cl\/?p=2471"},"modified":"2012-07-24T18:47:57","modified_gmt":"2012-07-24T22:47:57","slug":"anuncian-nuevas-camaras-de-televigilancia-para-ancud","status":"publish","type":"post","link":"https:\/\/www.radiochiloe.cl\/?p=2471","title":{"rendered":"Anuncian nuevas c\u00e1maras de televigilancia para Ancud"},"content":{"rendered":"<p style=\"text-align: justify;\">Cerca de ocho mil personas se ver\u00e1n beneficiadas con esta iniciativa, que adem\u00e1s de facilitar el control policial en el espacio intervenido, se podr\u00e1 promover los medios de prueba ante la comisi\u00f3n de los delitos y tener vigilancia las 24 horas del d\u00eda.<\/p>\n<p style=\"text-align: justify;\">Con el prop\u00f3sito de reducir la percepci\u00f3n de inseguridad en las calles de mayor connotaci\u00f3n comercial en la comuna de Ancud, dos nuevas c\u00e1maras de tele vigilancia con un \u00e1ngulo de 360 grados, ser\u00e1n ubicadas en lugares estrat\u00e9gicos del sector.<\/p>\n<p style=\"text-align: justify;\">Tal como fue anunciado ayer por el Gobernador de Chilo\u00e9, C\u00e9sar Zambrano, el alcalde de la comuna Federico Kruger, junto al comisario de la primera Comisar\u00eda de Ancud, Mayor Marcelo Valenzuela, esta iniciativa fue gestionada por la Gobernaci\u00f3n Provincial, y se har\u00e1 efectiva con la implementaci\u00f3n de dos c\u00e1maras en las intersecciones de las calles Pedro Montt con Arturo Prat y en calle 18 de Septiembre con Libertad, proyecto que viene a complementar el trabajo que se est\u00e1 desarrollando desde principios del a\u00f1o 2011, cuando comenz\u00f3 la implementaci\u00f3n del programa de gobierno, Barrio Comercial en Paz, que tiene como principal objetivo reducir los \u00edndices de victimizaci\u00f3n en la comuna y recuperar los espacios p\u00fablicos para la gente.<\/p>\n<p style=\"text-align: justify;\">Al respecto, el Gobernador de Chilo\u00e9, Cesar Zambrano sostuvo que dado el crecimiento que ha experimentado la ciudad de Ancud es muy necesario que se cuente con un sistema de c\u00e1maras monitoreado por Carabineros para ayudar a las labores de prevenci\u00f3n de los delitos.<\/p>\n<p style=\"text-align: justify;\">\u201cMuchas veces se producen delitos de alta connotaci\u00f3n y es imposible tener un Carabinero en cada esquina de la ciudad, por lo tanto tenemos que ayudarnos con la tecnolog\u00eda e ir optimizando los recursos. Creemos necesario que en el m\u00e1s corto plazo se implemente m\u00e1s c\u00e1maras de tele vigilancia en tres comunas donde cuyas calles m\u00e1s concurridas en t\u00e9rminos comerciales se encuentran intervenidas a trav\u00e9s del programa Barrio Comercial en Paz\u201d, puntualiz\u00f3.<\/p>\n<p style=\"text-align: justify;\">Cabe consignar que adem\u00e1s de anunciarse la pronta licitaci\u00f3n e implementaci\u00f3n de las c\u00e1maras de Televigilancia, las autoridades realizaron un recorrido por la calle 18 de Septiembre, con el objeto de conocer la opini\u00f3n que los comerciantes tienen respecto a las medidas, de los planes y los programas que el Gobierno est\u00e1 llevando a cabo en esta materia, que se complementa con un trabajo integral con las polic\u00edas, la comunidad organizada y por supuesto el municipio y Gobernaci\u00f3n de Chilo\u00e9.<\/p>\n<p style=\"text-align: justify;\">Departamento de Prensa<\/p>\n","protected":false},"excerpt":{"rendered":"<p>Cerca de ocho mil personas se ver\u00e1n beneficiadas con esta iniciativa, que adem\u00e1s de facilitar el control policial en el espacio intervenido, se podr\u00e1 promover los medios de prueba ante la comisi\u00f3n de los delitos y tener vigilancia las 24 horas del d\u00eda. Con el prop\u00f3sito de reducir la percepci\u00f3n de inseguridad en las calles [&hellip;]<\/p>\n","protected":false},"author":2,"featured_media":2472,"comment_status":"open","ping_status":"open","sticky":false,"template":"","format":"standard","meta":[],"categories":[3],"tags":[5],"jetpack_featured_media_url":"https:\/\/www.radiochiloe.cl\/wp-content\/uploads\/2012\/07\/camarasancud.jpg","_links":{"self":[{"href":"https:\/\/www.radiochiloe.cl\/index.php?rest_route=\/wp\/v2\/posts\/2471"}],"collection":[{"href":"https:\/\/www.radiochiloe.cl\/index.php?rest_route=\/wp\/v2\/posts"}],"about":[{"href":"https:\/\/www.radiochiloe.cl\/index.php?rest_route=\/wp\/v2\/types\/post"}],"author":[{"embeddable":true,"href":"https:\/\/www.radiochiloe.cl\/index.php?rest_route=\/wp\/v2\/users\/2"}],"replies":[{"embeddable":true,"href":"https:\/\/www.radiochiloe.cl\/index.php?rest_route=%2Fwp%2Fv2%2Fcomments&post=2471"}],"version-history":[{"count":3,"href":"https:\/\/www.radiochiloe.cl\/index.php?rest_route=\/wp\/v2\/posts\/2471\/revisions"}],"predecessor-version":[{"id":2475,"href":"https:\/\/www.radiochiloe.cl\/index.php?rest_route=\/wp\/v2\/posts\/2471\/revisions\/2475"}],"wp:featuredmedia":[{"embeddable":true,"href":"https:\/\/www.radiochiloe.cl\/index.php?rest_route=\/wp\/v2\/media\/2472"}],"wp:attachment":[{"href":"https:\/\/www.radiochiloe.cl\/index.php?rest_route=%2Fwp%2Fv2%2Fmedia&parent=2471"}],"wp:term":[{"taxonomy":"category","embeddable":true,"href":"https:\/\/www.radiochiloe.cl\/index.php?rest_route=%2Fwp%2Fv2%2Fcategories&post=2471"},{"taxonomy":"post_tag","embeddable":true,"href":"https:\/\/www.radiochiloe.cl\/index.php?rest_route=%2Fwp%2Fv2%2Ftags&post=2471"}],"curies":[{"name":"wp","href":"https:\/\/api.w.org\/{rel}","templated":true}]}}