{"id":2480,"date":"2012-07-25T16:16:40","date_gmt":"2012-07-25T20:16:40","guid":{"rendered":"http:\/\/www.radiochiloe.cl\/?p=2480"},"modified":"2012-07-25T16:39:53","modified_gmt":"2012-07-25T20:39:53","slug":"familias-curacanas-recibieron-subsidio-habitacional","status":"publish","type":"post","link":"https:\/\/www.radiochiloe.cl\/?p=2480","title":{"rendered":"Familias curacanas recibieron subsidio habitacional"},"content":{"rendered":"<p style=\"text-align: justify;\">Esta entrega se suma a otras 63 familias que pudieron adquirir sus casas mediante subsidio DS 1, y mejorar sus inmuebles a trav\u00e9s del subsidio patrimonio familiar.<\/p>\n<p style=\"text-align: justify;\">En una ceremonia realizada en el sal\u00f3n municipal el seremi de la vivienda de la regi\u00f3n de Los Lagos, Rodrigo Gunkel, hizo entrega de 5 subsidios habitacionales a igual n\u00famero de familias curacanas.<\/p>\n<p style=\"text-align: justify;\">La autoridad expres\u00f3 que tal vez no se trata de un alto n\u00famero de beneficiarios, pero lo importante es que 5 familias m\u00e1s ser\u00e1n propietarias de sus viviendas. \u201cA muchas de estas familias se les est\u00e1 cambiando la vida\u201d, destac\u00f3 el seremi. Junto lo anterior, valor\u00f3 el hecho de que gran parte de los subsidios corresponden a viviendas rurales y eso es importante porque las familias est\u00e1n prefiriendo quedarse en el lugar donde viven. \u201cHoy los subsidios son planos, es decir, todos los favorecidos reciben un valor similar\u201d lo que les permite construir donde lo deseen.<\/p>\n<p style=\"text-align: justify;\">Por su parte, el edil curacano destac\u00f3 el esfuerzo realizado por estas familias para conseguir este logro. \u201cMuchos de ustedes han hecho un sacrificio, han ahorrado para poder cumplir con los requisitos y cumplir as\u00ed el sue\u00f1o de la casa propia\u201d. Lu\u00eds Curumilla, junto con reconocer el trabajo de los funcionarios de la oficina de vivienda del municipio, agradeci\u00f3 el compromiso asumido por el seremi de la vivienda Fernando Gunkel, por su disposici\u00f3n que ha tenido para la comuna de Curaco de V\u00e9lez, que ha permitido en el \u00faltimo tiempo haber obtenido un alto n\u00famero de subsidios para familias emergentes y clase media.<\/p>\n<p style=\"text-align: justify;\">En tanto, Ariela Sotomayor, beneficiaria de la localidad de Huyar Alto, se\u00f1al\u00f3 que estaba orgullosa por el subsidio recibido. \u201cLa verdad es que no lo esperaba que saliera tan r\u00e1pido\u201d, agregando que solo estuvo postulando un mes. \u201cEstoy muy contenta porque la casa que habitaba no estaba en buenas condiciones hab\u00edan ca\u00eddo dos ventanas\u201d, y ahora podr\u00e9 tener una vivienda digna, terminando con los agradecimientos al alcalde Lu\u00eds Curumilla y a los funcionarios de la oficina de la vivienda del municipio.<\/p>\n<p style=\"text-align: justify;\">Departamento de Prensa<\/p>\n","protected":false},"excerpt":{"rendered":"<p>Esta entrega se suma a otras 63 familias que pudieron adquirir sus casas mediante subsidio DS 1, y mejorar sus inmuebles a trav\u00e9s del subsidio patrimonio familiar. En una ceremonia realizada en el sal\u00f3n municipal el seremi de la vivienda de la regi\u00f3n de Los Lagos, Rodrigo Gunkel, hizo entrega de 5 subsidios habitacionales a [&hellip;]<\/p>\n","protected":false},"author":2,"featured_media":2481,"comment_status":"open","ping_status":"open","sticky":false,"template":"","format":"standard","meta":[],"categories":[3],"tags":[5],"jetpack_featured_media_url":"https:\/\/www.radiochiloe.cl\/wp-content\/uploads\/2012\/07\/curaco.jpg","_links":{"self":[{"href":"https:\/\/www.radiochiloe.cl\/index.php?rest_route=\/wp\/v2\/posts\/2480"}],"collection":[{"href":"https:\/\/www.radiochiloe.cl\/index.php?rest_route=\/wp\/v2\/posts"}],"about":[{"href":"https:\/\/www.radiochiloe.cl\/index.php?rest_route=\/wp\/v2\/types\/post"}],"author":[{"embeddable":true,"href":"https:\/\/www.radiochiloe.cl\/index.php?rest_route=\/wp\/v2\/users\/2"}],"replies":[{"embeddable":true,"href":"https:\/\/www.radiochiloe.cl\/index.php?rest_route=%2Fwp%2Fv2%2Fcomments&post=2480"}],"version-history":[{"count":2,"href":"https:\/\/www.radiochiloe.cl\/index.php?rest_route=\/wp\/v2\/posts\/2480\/revisions"}],"predecessor-version":[{"id":2486,"href":"https:\/\/www.radiochiloe.cl\/index.php?rest_route=\/wp\/v2\/posts\/2480\/revisions\/2486"}],"wp:featuredmedia":[{"embeddable":true,"href":"https:\/\/www.radiochiloe.cl\/index.php?rest_route=\/wp\/v2\/media\/2481"}],"wp:attachment":[{"href":"https:\/\/www.radiochiloe.cl\/index.php?rest_route=%2Fwp%2Fv2%2Fmedia&parent=2480"}],"wp:term":[{"taxonomy":"category","embeddable":true,"href":"https:\/\/www.radiochiloe.cl\/index.php?rest_route=%2Fwp%2Fv2%2Fcategories&post=2480"},{"taxonomy":"post_tag","embeddable":true,"href":"https:\/\/www.radiochiloe.cl\/index.php?rest_route=%2Fwp%2Fv2%2Ftags&post=2480"}],"curies":[{"name":"wp","href":"https:\/\/api.w.org\/{rel}","templated":true}]}}