{"id":2483,"date":"2012-07-25T16:38:37","date_gmt":"2012-07-25T20:38:37","guid":{"rendered":"http:\/\/www.radiochiloe.cl\/?p=2483"},"modified":"2012-07-25T16:38:37","modified_gmt":"2012-07-25T20:38:37","slug":"en-el-segundo-semestre-de-este-ano-comenzaria-a-funcionar-unidad-tanatologica-en-castro","status":"publish","type":"post","link":"https:\/\/www.radiochiloe.cl\/?p=2483","title":{"rendered":"En el segundo semestre de este a\u00f1o comenzar\u00eda a funcionar unidad tanatol\u00f3gica en Castro"},"content":{"rendered":"<p style=\"text-align: justify;\">Hasta las dependencias del Hospital de Castro, llegaron en la tarde de ayer, el Seremi de Justicia de la regi\u00f3n de los Lagos, junto a la directora regional del Servicio M\u00e9dico Legal, para inspeccionar las obras de remodelaci\u00f3n de la unidad tanatol\u00f3gica.<\/p>\n<p style=\"text-align: justify;\">Seg\u00fan lo expresado por el Seremi de Justicia Marcos Vel\u00e1squez, se trata de obras que se ejecutaron gracias a un convenio con el hospital de Castro y con el Servicio de Salud Chilo\u00e9, cuya inversi\u00f3n alcanz\u00f3 a un monto de 20 millones de pesos.<\/p>\n<p style=\"text-align: justify;\">Por su parte la directora regional del Servicio Medico Legal, Pamela Aedo, explic\u00f3 que esta unidad de tanatolog\u00eda, permitir\u00e1 resolver los casos m\u00e1s sencillos de autopsia, mientras que aquellos casos que presenten mayor complejidad del punta de vista legal, se seguir\u00e1n realizando en el servicio medico legal de Ancud.<\/p>\n<p style=\"text-align: justify;\">La doctora Pamela Aedo, indic\u00f3 que para poner en funcionamiento esta unidad de tanatolog\u00eda en el Hospital de Castro, falta la llegada de los sistemas de refrigeraci\u00f3n, mesas de trabajo y el instrumental permanente que requieren estas unidades.<\/p>\n<p style=\"text-align: justify;\">Agreg\u00f3 que esta especie de servicio medico legal peque\u00f1o, funcionar\u00e1 con un m\u00e9dico perito, un administrativo y un t\u00e9cnico chofer, quien con un vehiculo se abocar\u00e1 al levantamiento y al traslado de personas fallecidas.<\/p>\n<p style=\"text-align: justify;\">Departamento de Prensa<\/p>\n","protected":false},"excerpt":{"rendered":"<p>Hasta las dependencias del Hospital de Castro, llegaron en la tarde de ayer, el Seremi de Justicia de la regi\u00f3n de los Lagos, junto a la directora regional del Servicio M\u00e9dico Legal, para inspeccionar las obras de remodelaci\u00f3n de la unidad tanatol\u00f3gica. Seg\u00fan lo expresado por el Seremi de Justicia Marcos Vel\u00e1squez, se trata de [&hellip;]<\/p>\n","protected":false},"author":2,"featured_media":2484,"comment_status":"open","ping_status":"open","sticky":false,"template":"","format":"standard","meta":[],"categories":[3],"tags":[5],"jetpack_featured_media_url":"https:\/\/www.radiochiloe.cl\/wp-content\/uploads\/2012\/07\/unidad.jpg","_links":{"self":[{"href":"https:\/\/www.radiochiloe.cl\/index.php?rest_route=\/wp\/v2\/posts\/2483"}],"collection":[{"href":"https:\/\/www.radiochiloe.cl\/index.php?rest_route=\/wp\/v2\/posts"}],"about":[{"href":"https:\/\/www.radiochiloe.cl\/index.php?rest_route=\/wp\/v2\/types\/post"}],"author":[{"embeddable":true,"href":"https:\/\/www.radiochiloe.cl\/index.php?rest_route=\/wp\/v2\/users\/2"}],"replies":[{"embeddable":true,"href":"https:\/\/www.radiochiloe.cl\/index.php?rest_route=%2Fwp%2Fv2%2Fcomments&post=2483"}],"version-history":[{"count":1,"href":"https:\/\/www.radiochiloe.cl\/index.php?rest_route=\/wp\/v2\/posts\/2483\/revisions"}],"predecessor-version":[{"id":2485,"href":"https:\/\/www.radiochiloe.cl\/index.php?rest_route=\/wp\/v2\/posts\/2483\/revisions\/2485"}],"wp:featuredmedia":[{"embeddable":true,"href":"https:\/\/www.radiochiloe.cl\/index.php?rest_route=\/wp\/v2\/media\/2484"}],"wp:attachment":[{"href":"https:\/\/www.radiochiloe.cl\/index.php?rest_route=%2Fwp%2Fv2%2Fmedia&parent=2483"}],"wp:term":[{"taxonomy":"category","embeddable":true,"href":"https:\/\/www.radiochiloe.cl\/index.php?rest_route=%2Fwp%2Fv2%2Fcategories&post=2483"},{"taxonomy":"post_tag","embeddable":true,"href":"https:\/\/www.radiochiloe.cl\/index.php?rest_route=%2Fwp%2Fv2%2Ftags&post=2483"}],"curies":[{"name":"wp","href":"https:\/\/api.w.org\/{rel}","templated":true}]}}