{"id":2487,"date":"2012-07-25T17:09:05","date_gmt":"2012-07-25T21:09:05","guid":{"rendered":"http:\/\/www.radiochiloe.cl\/?p=2487"},"modified":"2012-07-25T17:55:11","modified_gmt":"2012-07-25T21:55:11","slug":"comunidad-de-putemun-conocio-los-detalles-del-futuro-proyecto-de-relleno-sanitario-provincial","status":"publish","type":"post","link":"https:\/\/www.radiochiloe.cl\/?p=2487","title":{"rendered":"Comunidad de Putem\u00fan conoci\u00f3 los detalles del futuro proyecto de relleno sanitario provincial"},"content":{"rendered":"<p style=\"text-align: justify;\">(FOTO VERTEDERO COMUNA DE CASTRO)<\/p>\n<p style=\"text-align: justify;\">Una reuni\u00f3n informativa sostuvo en la tarde de ayer, el Seremi del Medio Ambiente de la regi\u00f3n de los Lagos, con vecinos del sector de Putem\u00fan, para compartir opiniones con respecto al vertedero provincial que se pretende implementar en el sector.<\/p>\n<p style=\"text-align: justify;\">Seg\u00fan lo explicado por Edgar Wilhelm, seremi del Medio Ambiente, por ahora la idea no es ejecutar el proyecto tal como esta aprobado porque es muy b\u00e1sico y por lo mismo, el encuentro tuvo como prop\u00f3sito escuchar a la comunidad.<\/p>\n<p style=\"text-align: justify;\">\u201cRecib\u00ed todas las quejas de la comunidad. Pero nosotros la verdad es que estamos dispuestos como gobierno de entregar una soluci\u00f3n sustancial, no queremos imponer cosas y adem\u00e1s queremos que estas soluciones, donde la tecnolog\u00eda estar\u00e1 presente, la comunidad las entienda\u201d expres\u00f3.<\/p>\n<p style=\"text-align: justify;\">Por su parte Patricia Cases, vecina de Putem\u00fan y vocera de la agrupaci\u00f3n Canto del Viento del sector, manifest\u00f3 que durante el encuentro, le plantearon sus inquietudes al Seremi del Medio Ambiente, precisando que el tema no es el vertedero provincial, si no en el lugar que se pretende implementar este proyecto.<\/p>\n<p style=\"text-align: justify;\">\u201cNosotros no queremos que el relleno sanitario se instale en este lugar, esto se lo planteamos al Seremi de Medio ambiente y por supuesto nos entendi\u00f3, pero seguiremos con nuestra postura inicial hasta existan las garant\u00edas suficientes y de acorde con lo que requiere la comunidad\u201d sostuvo.<\/p>\n<p style=\"text-align: justify;\">Patricia Cases indic\u00f3 que ante un proyecto de esta naturaleza no se puede correr el riesgo, por la gran cantidad de familias que residen en el lugar y por lo mismo esperan llegar hasta las \u00faltimas consecuencias para que este relleno sanitario provincial, no se instale en este sector.<\/p>\n<p style=\"text-align: justify;\">Departamento de Prensa<\/p>\n","protected":false},"excerpt":{"rendered":"<p>(FOTO VERTEDERO COMUNA DE CASTRO) Una reuni\u00f3n informativa sostuvo en la tarde de ayer, el Seremi del Medio Ambiente de la regi\u00f3n de los Lagos, con vecinos del sector de Putem\u00fan, para compartir opiniones con respecto al vertedero provincial que se pretende implementar en el sector. Seg\u00fan lo explicado por Edgar Wilhelm, seremi del Medio [&hellip;]<\/p>\n","protected":false},"author":2,"featured_media":2488,"comment_status":"open","ping_status":"open","sticky":false,"template":"","format":"standard","meta":[],"categories":[3],"tags":[5],"jetpack_featured_media_url":"https:\/\/www.radiochiloe.cl\/wp-content\/uploads\/2012\/07\/relleno.jpg","_links":{"self":[{"href":"https:\/\/www.radiochiloe.cl\/index.php?rest_route=\/wp\/v2\/posts\/2487"}],"collection":[{"href":"https:\/\/www.radiochiloe.cl\/index.php?rest_route=\/wp\/v2\/posts"}],"about":[{"href":"https:\/\/www.radiochiloe.cl\/index.php?rest_route=\/wp\/v2\/types\/post"}],"author":[{"embeddable":true,"href":"https:\/\/www.radiochiloe.cl\/index.php?rest_route=\/wp\/v2\/users\/2"}],"replies":[{"embeddable":true,"href":"https:\/\/www.radiochiloe.cl\/index.php?rest_route=%2Fwp%2Fv2%2Fcomments&post=2487"}],"version-history":[{"count":3,"href":"https:\/\/www.radiochiloe.cl\/index.php?rest_route=\/wp\/v2\/posts\/2487\/revisions"}],"predecessor-version":[{"id":2490,"href":"https:\/\/www.radiochiloe.cl\/index.php?rest_route=\/wp\/v2\/posts\/2487\/revisions\/2490"}],"wp:featuredmedia":[{"embeddable":true,"href":"https:\/\/www.radiochiloe.cl\/index.php?rest_route=\/wp\/v2\/media\/2488"}],"wp:attachment":[{"href":"https:\/\/www.radiochiloe.cl\/index.php?rest_route=%2Fwp%2Fv2%2Fmedia&parent=2487"}],"wp:term":[{"taxonomy":"category","embeddable":true,"href":"https:\/\/www.radiochiloe.cl\/index.php?rest_route=%2Fwp%2Fv2%2Fcategories&post=2487"},{"taxonomy":"post_tag","embeddable":true,"href":"https:\/\/www.radiochiloe.cl\/index.php?rest_route=%2Fwp%2Fv2%2Ftags&post=2487"}],"curies":[{"name":"wp","href":"https:\/\/api.w.org\/{rel}","templated":true}]}}