{"id":2494,"date":"2012-07-25T17:50:57","date_gmt":"2012-07-25T21:50:57","guid":{"rendered":"http:\/\/www.radiochiloe.cl\/?p=2494"},"modified":"2012-07-25T17:50:57","modified_gmt":"2012-07-25T21:50:57","slug":"funcionaria-de-la-salud-municipalizada-de-quellon-gana-demanda-por-acoso-laboral","status":"publish","type":"post","link":"https:\/\/www.radiochiloe.cl\/?p=2494","title":{"rendered":"Funcionaria de la salud municipalizada de Quell\u00f3n gana demanda por acoso laboral"},"content":{"rendered":"<p style=\"text-align: justify;\">El juzgado de Letras del Trabajo de Castro acogi\u00f3 al demanda por acoso laboral presentada por Uberlinda Alocilla, funcionaria de la salud municipalizada de Quell\u00f3n, en contra de la Corporaci\u00f3n Municipal de Educaci\u00f3n y Salud de la comuna, presidida por el alcalde Iv\u00e1n Haro.<\/p>\n<p style=\"text-align: justify;\">La funcionaria cont\u00f3 en este proceso con el apoyo del Candidato a Alcalde de la comuna de Quell\u00f3n, Cristian Ojeda y del abogado Jaime Marim\u00e1n, quien present\u00f3 hace unos d\u00edas esta demanda por maltrato laboral, pues desde hace tiempo el jefe directo de la trabajadora la ten\u00eda desarrollando labores absolutamente distintas a las contempladas en su contrato de trabajo.<\/p>\n<p style=\"text-align: justify;\">El maltrato laboral consisti\u00f3, seg\u00fan constat\u00f3 el tribunal, en quitarle todas sus responsabilidades, sacarla de las rondas m\u00e9dicas y no pagarle sus vi\u00e1ticos, lo que finalmente redund\u00f3 en que cayera en una profunda depresi\u00f3n que la mantiene con licencia m\u00e9dica.<\/p>\n<p style=\"text-align: justify;\">Jaime Marim\u00e1n, abogado la de la funcionaria, explic\u00f3 que se lleg\u00f3 a un acuerdo que consiste en que el empleador debe reintegrar a la trabajadora a sus funciones \u201cuna vez que la licencia m\u00e9dica termine y el facultativo que la tiene en tratamiento le entregue el alta correspondiente, se tiene que reintegrar a la se\u00f1ora Uberlinda a sus labores que desarrollaba habitualmente, que son las rondas m\u00e9dicas entre otras. Mi defendida qued\u00f3 satisfecha con la resoluci\u00f3n y adem\u00e1s confiada que su empleador cumplir\u00e1 al pie de la letra lo convenido en la demanda\u201d expuso el jurista.<\/p>\n<p style=\"text-align: justify;\">Seg\u00fan explic\u00f3 el abogado, Jaime Marim\u00e1n, quedaron satisfechos con la resoluci\u00f3n del tribunal, porque los derechos de la Se\u00f1ora Uberlinda Alocilla estaban siendo vulnerados por la Corporaci\u00f3n Municipal de Salud de Quell\u00f3n.<\/p>\n<p style=\"text-align: justify;\">Departamento de Prensa<\/p>\n","protected":false},"excerpt":{"rendered":"<p>El juzgado de Letras del Trabajo de Castro acogi\u00f3 al demanda por acoso laboral presentada por Uberlinda Alocilla, funcionaria de la salud municipalizada de Quell\u00f3n, en contra de la Corporaci\u00f3n Municipal de Educaci\u00f3n y Salud de la comuna, presidida por el alcalde Iv\u00e1n Haro. La funcionaria cont\u00f3 en este proceso con el apoyo del Candidato [&hellip;]<\/p>\n","protected":false},"author":2,"featured_media":2495,"comment_status":"open","ping_status":"open","sticky":false,"template":"","format":"standard","meta":[],"categories":[3],"tags":[5],"jetpack_featured_media_url":"https:\/\/www.radiochiloe.cl\/wp-content\/uploads\/2012\/07\/corporacion.jpg","_links":{"self":[{"href":"https:\/\/www.radiochiloe.cl\/index.php?rest_route=\/wp\/v2\/posts\/2494"}],"collection":[{"href":"https:\/\/www.radiochiloe.cl\/index.php?rest_route=\/wp\/v2\/posts"}],"about":[{"href":"https:\/\/www.radiochiloe.cl\/index.php?rest_route=\/wp\/v2\/types\/post"}],"author":[{"embeddable":true,"href":"https:\/\/www.radiochiloe.cl\/index.php?rest_route=\/wp\/v2\/users\/2"}],"replies":[{"embeddable":true,"href":"https:\/\/www.radiochiloe.cl\/index.php?rest_route=%2Fwp%2Fv2%2Fcomments&post=2494"}],"version-history":[{"count":1,"href":"https:\/\/www.radiochiloe.cl\/index.php?rest_route=\/wp\/v2\/posts\/2494\/revisions"}],"predecessor-version":[{"id":2496,"href":"https:\/\/www.radiochiloe.cl\/index.php?rest_route=\/wp\/v2\/posts\/2494\/revisions\/2496"}],"wp:featuredmedia":[{"embeddable":true,"href":"https:\/\/www.radiochiloe.cl\/index.php?rest_route=\/wp\/v2\/media\/2495"}],"wp:attachment":[{"href":"https:\/\/www.radiochiloe.cl\/index.php?rest_route=%2Fwp%2Fv2%2Fmedia&parent=2494"}],"wp:term":[{"taxonomy":"category","embeddable":true,"href":"https:\/\/www.radiochiloe.cl\/index.php?rest_route=%2Fwp%2Fv2%2Fcategories&post=2494"},{"taxonomy":"post_tag","embeddable":true,"href":"https:\/\/www.radiochiloe.cl\/index.php?rest_route=%2Fwp%2Fv2%2Ftags&post=2494"}],"curies":[{"name":"wp","href":"https:\/\/api.w.org\/{rel}","templated":true}]}}