{"id":2498,"date":"2012-07-26T07:30:45","date_gmt":"2012-07-26T11:30:45","guid":{"rendered":"http:\/\/www.radiochiloe.cl\/?p=2498"},"modified":"2012-07-25T18:20:11","modified_gmt":"2012-07-25T22:20:11","slug":"mocion-faculta-a-los-establecimientos-educaciones-a-querellarse-ante-delitos-de-abuso-sexual-en-contra-de-sus-alumnos","status":"publish","type":"post","link":"https:\/\/www.radiochiloe.cl\/?p=2498","title":{"rendered":"Moci\u00f3n faculta a los establecimientos educaciones a querellarse ante delitos de abuso sexual en contra de sus alumnos"},"content":{"rendered":"<p style=\"text-align: justify;\">El proyecto permite a los colegios o liceos interponer una querella, en representaci\u00f3n de su comunidad educativa, por delitos de abusos sexuales contra menores cometidos al interior del establecimiento.<\/p>\n<p style=\"text-align: justify;\">El texto legal fue presentado por los diputados UDI, Nino Baltolu, Eugenio Bauer, Sergio Bobadilla, Gustavo Hasb\u00fan, Javier Hern\u00e1ndez, Mar\u00eda Jos\u00e9 Hoffmann, Celso Morales, Iv\u00e1n Moreira, Iv\u00e1n Norambuena, Ignacio Urrutia.<\/p>\n<p style=\"text-align: justify;\">El proyecto reconoce la existencia de delitos que, por s\u00ed solos, lesionan de un modo m\u00e1s sensible al esp\u00edritu de una sociedad. Se busca con esto remarcar que en el mundo delictual existen il\u00edcitos que revisten de una mayor gravedad e involucran una mayor penalidad.<\/p>\n<p style=\"text-align: justify;\">Uno de ellos est\u00e1 constituido por los delitos de abusos sexuales contra menores, extensamente comentados en la opini\u00f3n p\u00fablica con ocasi\u00f3n de la frialdad de sus ejecutores y, en ciertos casos, con una cierta suavidad de sus penas existentes hace algunos a\u00f1os.<\/p>\n<p style=\"text-align: justify;\">\u201cPor lo mismo, pensamos que las autoridades de nuestro pa\u00eds debemos ir incluyendo mayores instancias de protecci\u00f3n hacia las v\u00edctimas de tales hechos, cuyo da\u00f1o perpetrado es inconmensurable\u201d, indican los legisladores autores de la moci\u00f3n.<\/p>\n<p style=\"text-align: justify;\">Adem\u00e1s, tales il\u00edcitos son cometidos en un contexto de secretismo entre la v\u00edctima y el victimario, por lo que cuesta establecer la existencia del delito de un modo instant\u00e1neo a su ejecuci\u00f3n. Asimismo, dichos delitos se dan en un ambiente familiar y\/o escolar, lo que involucra una especial relevancia y sensibilidad, no s\u00f3lo en la vida familiar de la v\u00edctima, sino que tambi\u00e9n reviste un da\u00f1o a la generalidad de la comunidad escolar en la cual participa el afectado.<\/p>\n<p style=\"text-align: justify;\">Frente a esto, se propone la incorporaci\u00f3n de la comunidad educativa en el proceso de pesquisa y sanci\u00f3n de tales il\u00edcitos. Dicha acci\u00f3n en representaci\u00f3n de la comunidad, estar\u00e1 a cargo del establecimiento educacional, que tambi\u00e9n ve da\u00f1ada su imagen frente a actos delictuales cometidos en sus dependencias.<\/p>\n<p style=\"text-align: justify;\">Por esto, el proyecto modifica el C\u00f3digo Procesal Penal, estableci\u00e9ndose que el establecimiento educacional podr\u00e1 interponer una querella, en representaci\u00f3n de su comunidad educativa por los delitos de abusos sexuales contra menores contemplados en los p\u00e1rrafos 6 y 7 del T\u00edtulo VII del Libro segundo del C\u00f3digo Penal.<\/p>\n<p style=\"text-align: justify;\">Departamento de Prensa<\/p>\n<p style=\"text-align: justify;\">Fuente: C\u00e1mara de Diputados<\/p>\n","protected":false},"excerpt":{"rendered":"<p>El proyecto permite a los colegios o liceos interponer una querella, en representaci\u00f3n de su comunidad educativa, por delitos de abusos sexuales contra menores cometidos al interior del establecimiento. El texto legal fue presentado por los diputados UDI, Nino Baltolu, Eugenio Bauer, Sergio Bobadilla, Gustavo Hasb\u00fan, Javier Hern\u00e1ndez, Mar\u00eda Jos\u00e9 Hoffmann, Celso Morales, Iv\u00e1n Moreira, [&hellip;]<\/p>\n","protected":false},"author":2,"featured_media":2499,"comment_status":"open","ping_status":"open","sticky":false,"template":"","format":"standard","meta":[],"categories":[3],"tags":[5],"jetpack_featured_media_url":"https:\/\/www.radiochiloe.cl\/wp-content\/uploads\/2012\/07\/alumnos.jpg","_links":{"self":[{"href":"https:\/\/www.radiochiloe.cl\/index.php?rest_route=\/wp\/v2\/posts\/2498"}],"collection":[{"href":"https:\/\/www.radiochiloe.cl\/index.php?rest_route=\/wp\/v2\/posts"}],"about":[{"href":"https:\/\/www.radiochiloe.cl\/index.php?rest_route=\/wp\/v2\/types\/post"}],"author":[{"embeddable":true,"href":"https:\/\/www.radiochiloe.cl\/index.php?rest_route=\/wp\/v2\/users\/2"}],"replies":[{"embeddable":true,"href":"https:\/\/www.radiochiloe.cl\/index.php?rest_route=%2Fwp%2Fv2%2Fcomments&post=2498"}],"version-history":[{"count":1,"href":"https:\/\/www.radiochiloe.cl\/index.php?rest_route=\/wp\/v2\/posts\/2498\/revisions"}],"predecessor-version":[{"id":2500,"href":"https:\/\/www.radiochiloe.cl\/index.php?rest_route=\/wp\/v2\/posts\/2498\/revisions\/2500"}],"wp:featuredmedia":[{"embeddable":true,"href":"https:\/\/www.radiochiloe.cl\/index.php?rest_route=\/wp\/v2\/media\/2499"}],"wp:attachment":[{"href":"https:\/\/www.radiochiloe.cl\/index.php?rest_route=%2Fwp%2Fv2%2Fmedia&parent=2498"}],"wp:term":[{"taxonomy":"category","embeddable":true,"href":"https:\/\/www.radiochiloe.cl\/index.php?rest_route=%2Fwp%2Fv2%2Fcategories&post=2498"},{"taxonomy":"post_tag","embeddable":true,"href":"https:\/\/www.radiochiloe.cl\/index.php?rest_route=%2Fwp%2Fv2%2Ftags&post=2498"}],"curies":[{"name":"wp","href":"https:\/\/api.w.org\/{rel}","templated":true}]}}