{"id":2504,"date":"2012-07-26T17:38:03","date_gmt":"2012-07-26T21:38:03","guid":{"rendered":"http:\/\/www.radiochiloe.cl\/?p=2504"},"modified":"2012-07-26T17:38:03","modified_gmt":"2012-07-26T21:38:03","slug":"municipio-de-castro-realiza-especial-llamado-a-personas-sin-empleo","status":"publish","type":"post","link":"https:\/\/www.radiochiloe.cl\/?p=2504","title":{"rendered":"Municipio de Castro realiza especial llamado a personas sin empleo."},"content":{"rendered":"<p style=\"text-align: justify;\">Oficina Municipal de Intermediaci\u00f3n Laboral, OMIL, est\u00e1 apoyando reclutamiento de personal de una multitienda que se instalar\u00e1 en la zona.<\/p>\n<p style=\"text-align: justify;\">Una especial convocatoria a todas aquellas personas que est\u00e9n interesadas en encontrar un empleo est\u00e1 haciendo la Oficina Municipal de Intermediaci\u00f3n Laboral, Omil, de la Municipalidad de la comuna de Castro.<\/p>\n<p style=\"text-align: justify;\">De acuerdo a lo relatado por Mumthaz Andrade, encargada de la Omil del municipio castre\u00f1o, este pr\u00f3ximo lunes 30 de julio, una conocida multitienda que se instalar\u00e1 en la comuna prontamente, se acerc\u00f3 a conversar con la Municipalidad para poder efectuar una selecci\u00f3n de trabajadores en la zona.<\/p>\n<p style=\"text-align: justify;\">\u201cAl ser un alto n\u00famero de personal estamos haciendo un llamado a la comunidad para que puedan asistir a estas entrevistas de trabajo cumpliendo el perfil solicitado. Se necesitan vendedores, asistentes de venta, adem\u00e1s un dise\u00f1ador, que es quien tiene que encargarse del dise\u00f1o de la tienda y un jefe de atenci\u00f3n al cliente\u201d, dijo la profesional.<\/p>\n<p style=\"text-align: justify;\">Las entrevistas se llevar\u00e1n a cabo desde este lunes 30 en la Sala 6 del Centro Cultural, de 10 a 13 horas y de 15 a 16 horas. En la ocasi\u00f3n el equipo de la Omil del municipio local se encontrar\u00e1 en el lugar para apoyar a las personas, quienes deben asistir con su curriculum vitae.<\/p>\n<p style=\"text-align: justify;\">\u201cEn el caso de los vendedores estos deben tener la ense\u00f1anza media completa, y obviamente para \u00e9ste y los dem\u00e1s cargos habilidad comercial y pro actividad, por ello hacemos extensiva la invitaci\u00f3n a la comunidad, dado que no todos los cesantes se encuentran inscritos en la Omil, y tambi\u00e9n queremos hacer alg\u00fan aporte para la comunidad canalizando este tipo de informaci\u00f3n\u201d, acot\u00f3 la asistente social.<\/p>\n<p style=\"text-align: justify;\">Asimismo, dentro de los puestos que se requieren figuran cargos part-time, a quienes se les contratar\u00e1 aproximadamente por un espacio de tres semanas.<\/p>\n<p style=\"text-align: justify;\">Cualquier consulta los interesados pueden dirigirse hasta la Oficina Omil, ubicada en Freire 427, segundo piso \u00f3 bien llamar al fono 638200.<\/p>\n<p style=\"text-align: justify;\">Departamento de Prensa.<\/p>\n","protected":false},"excerpt":{"rendered":"<p>Oficina Municipal de Intermediaci\u00f3n Laboral, OMIL, est\u00e1 apoyando reclutamiento de personal de una multitienda que se instalar\u00e1 en la zona. Una especial convocatoria a todas aquellas personas que est\u00e9n interesadas en encontrar un empleo est\u00e1 haciendo la Oficina Municipal de Intermediaci\u00f3n Laboral, Omil, de la Municipalidad de la comuna de Castro. De acuerdo a lo [&hellip;]<\/p>\n","protected":false},"author":2,"featured_media":2505,"comment_status":"open","ping_status":"open","sticky":false,"template":"","format":"standard","meta":[],"categories":[3],"tags":[5],"jetpack_featured_media_url":"https:\/\/www.radiochiloe.cl\/wp-content\/uploads\/2012\/07\/muni_empleo.jpg","_links":{"self":[{"href":"https:\/\/www.radiochiloe.cl\/index.php?rest_route=\/wp\/v2\/posts\/2504"}],"collection":[{"href":"https:\/\/www.radiochiloe.cl\/index.php?rest_route=\/wp\/v2\/posts"}],"about":[{"href":"https:\/\/www.radiochiloe.cl\/index.php?rest_route=\/wp\/v2\/types\/post"}],"author":[{"embeddable":true,"href":"https:\/\/www.radiochiloe.cl\/index.php?rest_route=\/wp\/v2\/users\/2"}],"replies":[{"embeddable":true,"href":"https:\/\/www.radiochiloe.cl\/index.php?rest_route=%2Fwp%2Fv2%2Fcomments&post=2504"}],"version-history":[{"count":2,"href":"https:\/\/www.radiochiloe.cl\/index.php?rest_route=\/wp\/v2\/posts\/2504\/revisions"}],"predecessor-version":[{"id":2507,"href":"https:\/\/www.radiochiloe.cl\/index.php?rest_route=\/wp\/v2\/posts\/2504\/revisions\/2507"}],"wp:featuredmedia":[{"embeddable":true,"href":"https:\/\/www.radiochiloe.cl\/index.php?rest_route=\/wp\/v2\/media\/2505"}],"wp:attachment":[{"href":"https:\/\/www.radiochiloe.cl\/index.php?rest_route=%2Fwp%2Fv2%2Fmedia&parent=2504"}],"wp:term":[{"taxonomy":"category","embeddable":true,"href":"https:\/\/www.radiochiloe.cl\/index.php?rest_route=%2Fwp%2Fv2%2Fcategories&post=2504"},{"taxonomy":"post_tag","embeddable":true,"href":"https:\/\/www.radiochiloe.cl\/index.php?rest_route=%2Fwp%2Fv2%2Ftags&post=2504"}],"curies":[{"name":"wp","href":"https:\/\/api.w.org\/{rel}","templated":true}]}}