{"id":2508,"date":"2012-07-26T18:18:34","date_gmt":"2012-07-26T22:18:34","guid":{"rendered":"http:\/\/www.radiochiloe.cl\/?p=2508"},"modified":"2012-07-26T18:18:34","modified_gmt":"2012-07-26T22:18:34","slug":"preocupacion-existe-en-la-comuna-de-quellon-tras-el-extravio-de-dos-personas-en-las-cercania-de-melinka","status":"publish","type":"post","link":"https:\/\/www.radiochiloe.cl\/?p=2508","title":{"rendered":"Preocupaci\u00f3n existe en la comuna de Quell\u00f3n, tras el extravi\u00f3 de dos personas en las cercan\u00eda de Melinka."},"content":{"rendered":"<p style=\"text-align: justify;\">De acuerdo a las primeras informaciones, se tratar\u00eda de dos personas identificadas como Ricardo Loncom\u00e1n y Ricardo Cheuquem\u00e1n, que tendr\u00edan residencia en el sector de Compu y quienes en los \u00faltimos d\u00edas no han establecido contacto con sus familiares.<\/p>\n<p style=\"text-align: justify;\">Ambas personas se encontraban trabajando como cuidadores en un complejo tur\u00edstico en isla Jechica, ubicada a unas 3 horas de navegaci\u00f3n de la localidad de Melinka.<\/p>\n<p style=\"text-align: justify;\">Seg\u00fan se pudo conocer, su empleador tampoco ha tomado contacto con las personas extraviadas por lo que ayer se interpuso una denuncia por presunta desgracia en Quell\u00f3n.<\/p>\n<p style=\"text-align: justify;\">Ante esta situaci\u00f3n, la Gobernaci\u00f3n Mar\u00edtima de Chilo\u00e9, habr\u00eda enviado una unidad a la zona para iniciar la b\u00fasqueda de ambos trabajadores, procedimiento que estar\u00eda siendo apoyado por la quinta zona naval con el apoyo de un helic\u00f3ptero.<\/p>\n<p style=\"text-align: justify;\">Por el momento de desconocen mayores antecedentes del extrav\u00edo de estas personas, esperando que en el transcurso de esta jornada, las primeras labores de b\u00fasqueda arrojen resultados positivos y se puedan encontrar sanos y salvos a ambos trabajadores.<\/p>\n<p style=\"text-align: justify;\">Departamento de Prensa.<\/p>\n","protected":false},"excerpt":{"rendered":"<p>De acuerdo a las primeras informaciones, se tratar\u00eda de dos personas identificadas como Ricardo Loncom\u00e1n y Ricardo Cheuquem\u00e1n, que tendr\u00edan residencia en el sector de Compu y quienes en los \u00faltimos d\u00edas no han establecido contacto con sus familiares. Ambas personas se encontraban trabajando como cuidadores en un complejo tur\u00edstico en isla Jechica, ubicada a [&hellip;]<\/p>\n","protected":false},"author":2,"featured_media":2509,"comment_status":"open","ping_status":"open","sticky":false,"template":"","format":"standard","meta":[],"categories":[3],"tags":[5],"jetpack_featured_media_url":"https:\/\/www.radiochiloe.cl\/wp-content\/uploads\/2012\/07\/ARMADA-BUSQUEDA.jpg","_links":{"self":[{"href":"https:\/\/www.radiochiloe.cl\/index.php?rest_route=\/wp\/v2\/posts\/2508"}],"collection":[{"href":"https:\/\/www.radiochiloe.cl\/index.php?rest_route=\/wp\/v2\/posts"}],"about":[{"href":"https:\/\/www.radiochiloe.cl\/index.php?rest_route=\/wp\/v2\/types\/post"}],"author":[{"embeddable":true,"href":"https:\/\/www.radiochiloe.cl\/index.php?rest_route=\/wp\/v2\/users\/2"}],"replies":[{"embeddable":true,"href":"https:\/\/www.radiochiloe.cl\/index.php?rest_route=%2Fwp%2Fv2%2Fcomments&post=2508"}],"version-history":[{"count":2,"href":"https:\/\/www.radiochiloe.cl\/index.php?rest_route=\/wp\/v2\/posts\/2508\/revisions"}],"predecessor-version":[{"id":2511,"href":"https:\/\/www.radiochiloe.cl\/index.php?rest_route=\/wp\/v2\/posts\/2508\/revisions\/2511"}],"wp:featuredmedia":[{"embeddable":true,"href":"https:\/\/www.radiochiloe.cl\/index.php?rest_route=\/wp\/v2\/media\/2509"}],"wp:attachment":[{"href":"https:\/\/www.radiochiloe.cl\/index.php?rest_route=%2Fwp%2Fv2%2Fmedia&parent=2508"}],"wp:term":[{"taxonomy":"category","embeddable":true,"href":"https:\/\/www.radiochiloe.cl\/index.php?rest_route=%2Fwp%2Fv2%2Fcategories&post=2508"},{"taxonomy":"post_tag","embeddable":true,"href":"https:\/\/www.radiochiloe.cl\/index.php?rest_route=%2Fwp%2Fv2%2Ftags&post=2508"}],"curies":[{"name":"wp","href":"https:\/\/api.w.org\/{rel}","templated":true}]}}