{"id":2512,"date":"2012-07-26T18:29:39","date_gmt":"2012-07-26T22:29:39","guid":{"rendered":"http:\/\/www.radiochiloe.cl\/?p=2512"},"modified":"2012-07-26T18:29:39","modified_gmt":"2012-07-26T22:29:39","slug":"enfermera-de-hospital-de-castro-hace-descargos-por-situacion-arbitraria-al-interior-de-recinto-de-salud","status":"publish","type":"post","link":"https:\/\/www.radiochiloe.cl\/?p=2512","title":{"rendered":"Enfermera de Hospital de Castro hace descargos por situaci\u00f3n arbitraria al interior de recinto de salud."},"content":{"rendered":"<p style=\"text-align: justify;\">Una huelga de hambre seca inici\u00f3 ayer, una enfermera del hospital de Castro, por la dedici\u00f3n tomada por el director de este centro asistencial, al cambiarlo de sus funciones, luego la profesional tuviera un altercado con un medico uruguayo.<\/p>\n<p style=\"text-align: justify;\">La enfermera Gloria Bustos manifest\u00f3 que tomado esta decisi\u00f3n, porque luego de haber tenido el altercado con medio uruguayo se le acusa de xenof\u00f3bica por parte del Colegio M\u00e9dico, lo que le ha significado adem\u00e1s un sumario administrativo en su contra<\/p>\n<p style=\"text-align: justify;\">Gloria Bustos, reconoci\u00f3 que tuvo un altercado con medico uruguayo al consultarle porque se hab\u00edan abierto las heridas de los pacientes, cuando se utilizaron insumos que como m\u00ednimo deb\u00edan permanecer 48 horas, pero que en ning\u00fan momento le falt\u00f3 el respecto al profesional.<\/p>\n<p style=\"text-align: justify;\">Gloria Bustos indic\u00f3 que a ra\u00edz de esta situaci\u00f3n el director del Hospital de Castro, mediante un oficio a su jefatura, resuelve removerlo de su puesto de trabajo, determinando que tiene que hacerse cargo de la unidad de pacientes cr\u00edticos, donde existe un colega que no ha renunciado a dicho cargo.<\/p>\n<p style=\"text-align: justify;\">Indic\u00f3 que en esta huelga de hambre est\u00e1 siendo apoyada por sus pares y por gente de la comunidad que conoce de su trayectoria y su trabajo profesional, que lo ha desempa\u00f1ado por 27 a\u00f1os.<\/p>\n<p style=\"text-align: justify;\">Departamento de Prensa.<\/p>\n","protected":false},"excerpt":{"rendered":"<p>Una huelga de hambre seca inici\u00f3 ayer, una enfermera del hospital de Castro, por la dedici\u00f3n tomada por el director de este centro asistencial, al cambiarlo de sus funciones, luego la profesional tuviera un altercado con un medico uruguayo. La enfermera Gloria Bustos manifest\u00f3 que tomado esta decisi\u00f3n, porque luego de haber tenido el altercado [&hellip;]<\/p>\n","protected":false},"author":2,"featured_media":2513,"comment_status":"open","ping_status":"open","sticky":false,"template":"","format":"standard","meta":[],"categories":[3],"tags":[5],"jetpack_featured_media_url":"https:\/\/www.radiochiloe.cl\/wp-content\/uploads\/2012\/07\/enfermera_huelga.jpg","_links":{"self":[{"href":"https:\/\/www.radiochiloe.cl\/index.php?rest_route=\/wp\/v2\/posts\/2512"}],"collection":[{"href":"https:\/\/www.radiochiloe.cl\/index.php?rest_route=\/wp\/v2\/posts"}],"about":[{"href":"https:\/\/www.radiochiloe.cl\/index.php?rest_route=\/wp\/v2\/types\/post"}],"author":[{"embeddable":true,"href":"https:\/\/www.radiochiloe.cl\/index.php?rest_route=\/wp\/v2\/users\/2"}],"replies":[{"embeddable":true,"href":"https:\/\/www.radiochiloe.cl\/index.php?rest_route=%2Fwp%2Fv2%2Fcomments&post=2512"}],"version-history":[{"count":2,"href":"https:\/\/www.radiochiloe.cl\/index.php?rest_route=\/wp\/v2\/posts\/2512\/revisions"}],"predecessor-version":[{"id":2515,"href":"https:\/\/www.radiochiloe.cl\/index.php?rest_route=\/wp\/v2\/posts\/2512\/revisions\/2515"}],"wp:featuredmedia":[{"embeddable":true,"href":"https:\/\/www.radiochiloe.cl\/index.php?rest_route=\/wp\/v2\/media\/2513"}],"wp:attachment":[{"href":"https:\/\/www.radiochiloe.cl\/index.php?rest_route=%2Fwp%2Fv2%2Fmedia&parent=2512"}],"wp:term":[{"taxonomy":"category","embeddable":true,"href":"https:\/\/www.radiochiloe.cl\/index.php?rest_route=%2Fwp%2Fv2%2Fcategories&post=2512"},{"taxonomy":"post_tag","embeddable":true,"href":"https:\/\/www.radiochiloe.cl\/index.php?rest_route=%2Fwp%2Fv2%2Ftags&post=2512"}],"curies":[{"name":"wp","href":"https:\/\/api.w.org\/{rel}","templated":true}]}}