{"id":2518,"date":"2012-07-27T18:05:58","date_gmt":"2012-07-27T22:05:58","guid":{"rendered":"http:\/\/www.radiochiloe.cl\/?p=2518"},"modified":"2012-07-27T18:05:58","modified_gmt":"2012-07-27T22:05:58","slug":"con-masiva-concurrencia-se-desarrollo-la-3-version-de-feria-laboral-de-ancud","status":"publish","type":"post","link":"https:\/\/www.radiochiloe.cl\/?p=2518","title":{"rendered":"Con masiva concurrencia se desarrollo la 3\u00b0 versi\u00f3n de Feria Laboral de Ancud"},"content":{"rendered":"<p style=\"text-align: justify;\">A la jornada, organizada por el Servicio Nacional de Empleo y Capacitaci\u00f3n, Sence, en conjunto con el municipio local, asistieron cerca de mil personas, con marcada presencia femenina y de j\u00f3venes.<\/p>\n<p style=\"text-align: justify;\">En dependencias del gimnasio de la escuela Yerbas Buenas, de Ancud, se llev\u00f3 a cabo la tercera Feria Laboral de Ancud, instancia que tuvo como objetivo poner a disposici\u00f3n de los asistentes, m\u00e1s de mil puestos de trabajos con colocaci\u00f3n laboral de las personas en un puesto laboral de car\u00e1cter estable.<\/p>\n<p style=\"text-align: justify;\">La actividad, que estuvo encabezada por la Seremi del Trabajo y Previsi\u00f3n Social de la regi\u00f3n, Andrea Rosmanich, el alcalde de Ancud Federico Kr\u00fcger; cont\u00f3 con la presencia del Senador Carlos Ignacio Kuschel y el Diputado Alejandro Santana, adem\u00e1s de los cerca de mil personas que llegaron con la esperanza de poder encontrar una fuente laboral.<\/p>\n<p style=\"text-align: justify;\">Por lo mismo, la titular del trabajo de Los Lagos, destac\u00f3 la importancia de que el Ministerio del Trabajo, a trav\u00e9s del Sence, organice este tipo de iniciativas, en donde confluyen las necesidades de las distintas empresas y la necesidad de encontrar un puesto de trabajo, sobre todo de mujeres y j\u00f3venes, que en gran mayor\u00eda llegaron hasta la actividad.<\/p>\n<p style=\"text-align: justify;\">\u201cEsta alianza estrat\u00e9gica de juntar la demanda de trabajo con la oferta que ofrecen las empresas es algo que sirve para que las personas tengan acceso y puedan llegar a tener un trabajo, este punto es algo que el gobierno del Presidente Sebasti\u00e1n Pi\u00f1era a puesto en primera lista para poder superar la pobreza, salir adelante y mejorar la calidad de vida de las personas\u201d, indic\u00f3 la autoridad.<\/p>\n<p style=\"text-align: justify;\">Asimismo, la seremi del trabajo, remarc\u00f3 el buen trabajo que ha realizado el gobierno en materia econ\u00f3mica, que tiene al pa\u00eds y la regi\u00f3n en un muy buen pie, ha diferencia de lo que se vive en otras latitudes.<\/p>\n<p style=\"text-align: justify;\">\u201cNuestro pa\u00eds est\u00e1 viviendo un buen pasar econ\u00f3mico gracias a las excelentes pol\u00edticas econ\u00f3micas que ha implementado este gobierno, sobre todo nuestra regi\u00f3n que est\u00e1 creciendo a un 14%, lo que hace posible que hayan empresas que est\u00e9n aqu\u00ed ofreciendo puestos de trabajo; esto es lo que como comunidad debemos cuidar, a trav\u00e9s de la paz social y aprovechando este tipo de oportunidades\u201d, asever\u00f3.<\/p>\n<p style=\"text-align: justify;\">En la instancia participaron cerca de 18 empresas locales y regionales, como AMICHILE, CHILOLAC, Cultivos Marinos, DIMARSA, UNIMARC, Casino ENJOY, Inmuebles Catalu\u00f1a, Salmones Aucar de Quemchi, Salmones de Chile de Chonchi entre otros.<\/p>\n<p style=\"text-align: justify;\">Departamento de Prensa.<\/p>\n","protected":false},"excerpt":{"rendered":"<p>A la jornada, organizada por el Servicio Nacional de Empleo y Capacitaci\u00f3n, Sence, en conjunto con el municipio local, asistieron cerca de mil personas, con marcada presencia femenina y de j\u00f3venes. En dependencias del gimnasio de la escuela Yerbas Buenas, de Ancud, se llev\u00f3 a cabo la tercera Feria Laboral de Ancud, instancia que tuvo [&hellip;]<\/p>\n","protected":false},"author":2,"featured_media":2519,"comment_status":"open","ping_status":"open","sticky":false,"template":"","format":"standard","meta":[],"categories":[3],"tags":[5],"jetpack_featured_media_url":"https:\/\/www.radiochiloe.cl\/wp-content\/uploads\/2012\/07\/feria-laboral-ancud.jpg","_links":{"self":[{"href":"https:\/\/www.radiochiloe.cl\/index.php?rest_route=\/wp\/v2\/posts\/2518"}],"collection":[{"href":"https:\/\/www.radiochiloe.cl\/index.php?rest_route=\/wp\/v2\/posts"}],"about":[{"href":"https:\/\/www.radiochiloe.cl\/index.php?rest_route=\/wp\/v2\/types\/post"}],"author":[{"embeddable":true,"href":"https:\/\/www.radiochiloe.cl\/index.php?rest_route=\/wp\/v2\/users\/2"}],"replies":[{"embeddable":true,"href":"https:\/\/www.radiochiloe.cl\/index.php?rest_route=%2Fwp%2Fv2%2Fcomments&post=2518"}],"version-history":[{"count":2,"href":"https:\/\/www.radiochiloe.cl\/index.php?rest_route=\/wp\/v2\/posts\/2518\/revisions"}],"predecessor-version":[{"id":2521,"href":"https:\/\/www.radiochiloe.cl\/index.php?rest_route=\/wp\/v2\/posts\/2518\/revisions\/2521"}],"wp:featuredmedia":[{"embeddable":true,"href":"https:\/\/www.radiochiloe.cl\/index.php?rest_route=\/wp\/v2\/media\/2519"}],"wp:attachment":[{"href":"https:\/\/www.radiochiloe.cl\/index.php?rest_route=%2Fwp%2Fv2%2Fmedia&parent=2518"}],"wp:term":[{"taxonomy":"category","embeddable":true,"href":"https:\/\/www.radiochiloe.cl\/index.php?rest_route=%2Fwp%2Fv2%2Fcategories&post=2518"},{"taxonomy":"post_tag","embeddable":true,"href":"https:\/\/www.radiochiloe.cl\/index.php?rest_route=%2Fwp%2Fv2%2Ftags&post=2518"}],"curies":[{"name":"wp","href":"https:\/\/api.w.org\/{rel}","templated":true}]}}