{"id":2522,"date":"2012-07-27T18:16:08","date_gmt":"2012-07-27T22:16:08","guid":{"rendered":"http:\/\/www.radiochiloe.cl\/?p=2522"},"modified":"2012-07-27T18:16:08","modified_gmt":"2012-07-27T22:16:08","slug":"municipio-de-quellon-licita-construccion-de-polideportivo","status":"publish","type":"post","link":"https:\/\/www.radiochiloe.cl\/?p=2522","title":{"rendered":"Municipio de Quell\u00f3n licita construcci\u00f3n de polideportivo."},"content":{"rendered":"<p style=\"text-align: justify;\">En los terrenos donde se emplaza el Estadio Municipal de Quell\u00f3n se instalar\u00e1 el futuro polideportivo de la comuna, que tendr\u00e1 5 mil 400 metros cuadrados y significar\u00e1 una inversi\u00f3n que bordea los 3 mil millones de pesos.<\/p>\n<p style=\"text-align: justify;\">La municipalidad ya puso en marcha la licitaci\u00f3n para la ejecuci\u00f3n de las obras y el alcalde Iv\u00e1n Haro visit\u00f3 el lugar donde se levantar\u00e1 esta importante infraestructura deportiva. \u201cEl proceso licitatorio estar\u00e1 abierto hasta el 10 de agosto, sabemos que hay empresas interesadas y eso es muy bueno porque nos indica que estamos en buen camino. Este es un proyecto muy importante para la comuna porque va a generar empleo durante a construcci\u00f3n y cuando est\u00e9 listo nos va a permitir potenciar el deporte y las actividades recreativas en la comuna\u201d, enfatiz\u00f3 la autoridad.<\/p>\n<p style=\"text-align: justify;\">El polideportivo incluir\u00e1 salas multiusos, camarines, multicancha, butacas para 1750 espectadores y piscina, entre otras instalaciones. \u201cPor ejemplo con la piscina vamos a poder realizar actividades formativas y recreativas durante todo el a\u00f1o, debido a sus caracter\u00edsticas de climatizaci\u00f3n y su estructura techada\u201d, resalt\u00f3 Haro.<\/p>\n<p style=\"text-align: justify;\">El alcalde destac\u00f3 que esta nueva infraestructura se sumar\u00e1 a la que ya tiene el Estadio Municipal de Quell\u00f3n que cuenta con excelentes instalaciones gracias a una inversi\u00f3n de 504 millones de pesos provenientes del FNDR. En el recinto hay una cancha con pasto sint\u00e9tico y una mejorada pista atl\u00e9tica. Adem\u00e1s, galer\u00edas remodeladas que tienen capacidad para mil 500 personas.<\/p>\n","protected":false},"excerpt":{"rendered":"<p>En los terrenos donde se emplaza el Estadio Municipal de Quell\u00f3n se instalar\u00e1 el futuro polideportivo de la comuna, que tendr\u00e1 5 mil 400 metros cuadrados y significar\u00e1 una inversi\u00f3n que bordea los 3 mil millones de pesos. La municipalidad ya puso en marcha la licitaci\u00f3n para la ejecuci\u00f3n de las obras y el alcalde [&hellip;]<\/p>\n","protected":false},"author":2,"featured_media":2523,"comment_status":"open","ping_status":"open","sticky":false,"template":"","format":"standard","meta":[],"categories":[3],"tags":[5],"jetpack_featured_media_url":"https:\/\/www.radiochiloe.cl\/wp-content\/uploads\/2012\/07\/estadio-quellon.jpg","_links":{"self":[{"href":"https:\/\/www.radiochiloe.cl\/index.php?rest_route=\/wp\/v2\/posts\/2522"}],"collection":[{"href":"https:\/\/www.radiochiloe.cl\/index.php?rest_route=\/wp\/v2\/posts"}],"about":[{"href":"https:\/\/www.radiochiloe.cl\/index.php?rest_route=\/wp\/v2\/types\/post"}],"author":[{"embeddable":true,"href":"https:\/\/www.radiochiloe.cl\/index.php?rest_route=\/wp\/v2\/users\/2"}],"replies":[{"embeddable":true,"href":"https:\/\/www.radiochiloe.cl\/index.php?rest_route=%2Fwp%2Fv2%2Fcomments&post=2522"}],"version-history":[{"count":2,"href":"https:\/\/www.radiochiloe.cl\/index.php?rest_route=\/wp\/v2\/posts\/2522\/revisions"}],"predecessor-version":[{"id":2525,"href":"https:\/\/www.radiochiloe.cl\/index.php?rest_route=\/wp\/v2\/posts\/2522\/revisions\/2525"}],"wp:featuredmedia":[{"embeddable":true,"href":"https:\/\/www.radiochiloe.cl\/index.php?rest_route=\/wp\/v2\/media\/2523"}],"wp:attachment":[{"href":"https:\/\/www.radiochiloe.cl\/index.php?rest_route=%2Fwp%2Fv2%2Fmedia&parent=2522"}],"wp:term":[{"taxonomy":"category","embeddable":true,"href":"https:\/\/www.radiochiloe.cl\/index.php?rest_route=%2Fwp%2Fv2%2Fcategories&post=2522"},{"taxonomy":"post_tag","embeddable":true,"href":"https:\/\/www.radiochiloe.cl\/index.php?rest_route=%2Fwp%2Fv2%2Ftags&post=2522"}],"curies":[{"name":"wp","href":"https:\/\/api.w.org\/{rel}","templated":true}]}}