{"id":2526,"date":"2012-07-27T18:26:22","date_gmt":"2012-07-27T22:26:22","guid":{"rendered":"http:\/\/www.radiochiloe.cl\/?p=2526"},"modified":"2012-07-27T18:26:22","modified_gmt":"2012-07-27T22:26:22","slug":"joven-militar-chilote-es-victima-de-amenazas-al-interior-de-recinto-militar","status":"publish","type":"post","link":"https:\/\/www.radiochiloe.cl\/?p=2526","title":{"rendered":"Joven militar chilote es v\u00edctima de amenazas al interior de recinto militar."},"content":{"rendered":"<p style=\"text-align: justify;\">Una familia de la ciudad de Castro, interpuso en la tarde de ayer, un recurso de protecci\u00f3n en la corte de Apelaciones de Coyaique, luego de enterarse que su hijo de 17 a\u00f1os, que se encontraba realizando su servicio militar en Ays\u00e9n, fuera objeto de amenazas con arma de fuego por parte de un cabo del regimiento.<\/p>\n<p style=\"text-align: justify;\">La informaci\u00f3n la confirm\u00f3 el abogado Julio \u00c1lvarez, quien precis\u00f3 que los hechos se registraron el viernes \u00faltimo en el Regimiento de Ingeniero n\u00famero 8 Chilo\u00e9 de Ays\u00e9n, seg\u00fan los antecedentes entregado por los padres en el transcurso de la ma\u00f1ana de ayer.<\/p>\n<p style=\"text-align: justify;\">El abogado Julio \u00c1lvarez, se\u00f1al\u00f3 que los padres habr\u00edan sostenido contacto con un general del Regimiento de apellido Grau, quien habr\u00eda confirmado el incidente, pero de una manera muy poco transparente, lo que ha generado una mayor preocupaci\u00f3n entre los familiares del conscripto.<\/p>\n<p style=\"text-align: justify;\">El abogado Julio \u00c1lvarez, agreg\u00f3 que el joven de 17 a\u00f1os, quien tiene residencia en el sector de Pedro Montt en Castro, decidi\u00f3 hacer el servicio militar voluntario, porque deseaba hacer una carrera militar.<\/p>\n<p style=\"text-align: justify;\">En tanto a\u00f1adi\u00f3, los padres estar\u00edan viajando hasta la ciudad de Coyaique, para entrevistarse con las autoridades militares del Regimiento y velar por proyecci\u00f3n de su hijo, quien luego de incidente, nuevamente habr\u00eda sido amenazado por el cabo, de quien se desconoce si fue separado de sus funciones.<\/p>\n<p style=\"text-align: justify;\">Departamento de Prensa.<\/p>\n","protected":false},"excerpt":{"rendered":"<p>Una familia de la ciudad de Castro, interpuso en la tarde de ayer, un recurso de protecci\u00f3n en la corte de Apelaciones de Coyaique, luego de enterarse que su hijo de 17 a\u00f1os, que se encontraba realizando su servicio militar en Ays\u00e9n, fuera objeto de amenazas con arma de fuego por parte de un cabo [&hellip;]<\/p>\n","protected":false},"author":2,"featured_media":2527,"comment_status":"open","ping_status":"open","sticky":false,"template":"","format":"standard","meta":[],"categories":[3],"tags":[5],"jetpack_featured_media_url":"https:\/\/www.radiochiloe.cl\/wp-content\/uploads\/2012\/07\/regimiento-aysen.jpg","_links":{"self":[{"href":"https:\/\/www.radiochiloe.cl\/index.php?rest_route=\/wp\/v2\/posts\/2526"}],"collection":[{"href":"https:\/\/www.radiochiloe.cl\/index.php?rest_route=\/wp\/v2\/posts"}],"about":[{"href":"https:\/\/www.radiochiloe.cl\/index.php?rest_route=\/wp\/v2\/types\/post"}],"author":[{"embeddable":true,"href":"https:\/\/www.radiochiloe.cl\/index.php?rest_route=\/wp\/v2\/users\/2"}],"replies":[{"embeddable":true,"href":"https:\/\/www.radiochiloe.cl\/index.php?rest_route=%2Fwp%2Fv2%2Fcomments&post=2526"}],"version-history":[{"count":2,"href":"https:\/\/www.radiochiloe.cl\/index.php?rest_route=\/wp\/v2\/posts\/2526\/revisions"}],"predecessor-version":[{"id":2529,"href":"https:\/\/www.radiochiloe.cl\/index.php?rest_route=\/wp\/v2\/posts\/2526\/revisions\/2529"}],"wp:featuredmedia":[{"embeddable":true,"href":"https:\/\/www.radiochiloe.cl\/index.php?rest_route=\/wp\/v2\/media\/2527"}],"wp:attachment":[{"href":"https:\/\/www.radiochiloe.cl\/index.php?rest_route=%2Fwp%2Fv2%2Fmedia&parent=2526"}],"wp:term":[{"taxonomy":"category","embeddable":true,"href":"https:\/\/www.radiochiloe.cl\/index.php?rest_route=%2Fwp%2Fv2%2Fcategories&post=2526"},{"taxonomy":"post_tag","embeddable":true,"href":"https:\/\/www.radiochiloe.cl\/index.php?rest_route=%2Fwp%2Fv2%2Ftags&post=2526"}],"curies":[{"name":"wp","href":"https:\/\/api.w.org\/{rel}","templated":true}]}}