{"id":2530,"date":"2012-07-27T18:55:09","date_gmt":"2012-07-27T22:55:09","guid":{"rendered":"http:\/\/www.radiochiloe.cl\/?p=2530"},"modified":"2012-07-28T16:35:29","modified_gmt":"2012-07-28T20:35:29","slug":"jaime-marques-confirma-candidatura-a-alcalde-por-castro","status":"publish","type":"post","link":"https:\/\/www.radiochiloe.cl\/?p=2530","title":{"rendered":"Jaime M\u00e1rquez confirma candidatura a Alcalde por Castro."},"content":{"rendered":"<p style=\"text-align: justify;\">El ex pre candidato a concejal por la democracia Cristiana en Castro, Jaime M\u00e1rquez Altamirano, confirm\u00f3 que ha tomado la decisi\u00f3n de postularse como candidato a alcalde por esta comuna.<\/p>\n<p style=\"text-align: justify;\">Seg\u00fan sus propias palabras, la decisi\u00f3n la tom\u00f3 por el apoyo que le ha entregado la gente, al ver como un acto d injusticia, el que le hayan bajado su candidatura como concejal.<\/p>\n<p style=\"text-align: justify;\">Jaime M\u00e1rquez, agreg\u00f3 que su postulaci\u00f3n al sill\u00f3n alcaldicio por la comuna de Castro, lo hace con un ADN concertacionista, aunque la primera tarea para inscribir su candidatura oficial, ser\u00e1 cumplir con todos los requisitos que exige el Servicio Electoral, dentro de los plazos establecidos.<\/p>\n<p style=\"text-align: justify;\">M\u00e1rquez, aprovech\u00f3 la ocasi\u00f3n para invitar a toda la gente independiente de Castro, para sumarse a su candidatura y trabajar por una nueva comuna, con nuevos proyectos y mejor desarrollo y terminar con las descalificaciones y el sectarismo, donde unos son y otros son malos.<\/p>\n<p style=\"text-align: justify;\">Manifest\u00f3 que su candidatura es inclusiva y por lo mismo su eslogan es Todo Castro, todas las ideas, toda la gente.<\/p>\n<p style=\"text-align: justify;\">Departamento de Prensa<\/p>\n","protected":false},"excerpt":{"rendered":"<p>El ex pre candidato a concejal por la democracia Cristiana en Castro, Jaime M\u00e1rquez Altamirano, confirm\u00f3 que ha tomado la decisi\u00f3n de postularse como candidato a alcalde por esta comuna. Seg\u00fan sus propias palabras, la decisi\u00f3n la tom\u00f3 por el apoyo que le ha entregado la gente, al ver como un acto d injusticia, el [&hellip;]<\/p>\n","protected":false},"author":2,"featured_media":2531,"comment_status":"open","ping_status":"open","sticky":false,"template":"","format":"standard","meta":[],"categories":[3],"tags":[5],"jetpack_featured_media_url":"https:\/\/www.radiochiloe.cl\/wp-content\/uploads\/2012\/07\/jaime-marques-en-chiloe.jpg","_links":{"self":[{"href":"https:\/\/www.radiochiloe.cl\/index.php?rest_route=\/wp\/v2\/posts\/2530"}],"collection":[{"href":"https:\/\/www.radiochiloe.cl\/index.php?rest_route=\/wp\/v2\/posts"}],"about":[{"href":"https:\/\/www.radiochiloe.cl\/index.php?rest_route=\/wp\/v2\/types\/post"}],"author":[{"embeddable":true,"href":"https:\/\/www.radiochiloe.cl\/index.php?rest_route=\/wp\/v2\/users\/2"}],"replies":[{"embeddable":true,"href":"https:\/\/www.radiochiloe.cl\/index.php?rest_route=%2Fwp%2Fv2%2Fcomments&post=2530"}],"version-history":[{"count":3,"href":"https:\/\/www.radiochiloe.cl\/index.php?rest_route=\/wp\/v2\/posts\/2530\/revisions"}],"predecessor-version":[{"id":2533,"href":"https:\/\/www.radiochiloe.cl\/index.php?rest_route=\/wp\/v2\/posts\/2530\/revisions\/2533"}],"wp:featuredmedia":[{"embeddable":true,"href":"https:\/\/www.radiochiloe.cl\/index.php?rest_route=\/wp\/v2\/media\/2531"}],"wp:attachment":[{"href":"https:\/\/www.radiochiloe.cl\/index.php?rest_route=%2Fwp%2Fv2%2Fmedia&parent=2530"}],"wp:term":[{"taxonomy":"category","embeddable":true,"href":"https:\/\/www.radiochiloe.cl\/index.php?rest_route=%2Fwp%2Fv2%2Fcategories&post=2530"},{"taxonomy":"post_tag","embeddable":true,"href":"https:\/\/www.radiochiloe.cl\/index.php?rest_route=%2Fwp%2Fv2%2Ftags&post=2530"}],"curies":[{"name":"wp","href":"https:\/\/api.w.org\/{rel}","templated":true}]}}