{"id":2534,"date":"2012-07-28T13:56:41","date_gmt":"2012-07-28T17:56:41","guid":{"rendered":"http:\/\/www.radiochiloe.cl\/?p=2534"},"modified":"2012-07-28T16:33:42","modified_gmt":"2012-07-28T20:33:42","slug":"senador-escalona-se-reune-con-vecinos-de-compu","status":"publish","type":"post","link":"https:\/\/www.radiochiloe.cl\/?p=2534","title":{"rendered":"Senador Escalona se reune con vecinos de Compu"},"content":{"rendered":"<p style=\"text-align: justify;\">El Presidente del Senado, senador por la Regi\u00f3n de Los Lagos Camilo Escalona, sostuvo este viernes una reuni\u00f3n con dirigentes ind\u00edgenas de Kompu, comuna de Quell\u00f3n, para solicitar a Conadi que pueda agilizar los certificados de aplicabilidad de las tierras que demanda esa comunidad huilliche, que se encuentran actualmente en manos de la trasnacional Golden Spring.<\/p>\n<p style=\"text-align: justify;\">\u201cHemos sostenido una reuni\u00f3n con la comunidad ind\u00edgena de Kompu, comuna de Quell\u00f3n, para recabar de la autoridad que se pueda entregar el compromiso que tom\u00f3 en abril el ministro Lav\u00edn, en el sentido de llevar adelante la certificaci\u00f3n de aplicabilidad de la Comunidad para que pueda postular a los terrenos, actualmente en manos de Golden Spring, y que son la aspiraci\u00f3n que tienen con el prop\u00f3sito de resolver su problema de tierra\u201d, dijo.<\/p>\n<p style=\"text-align: justify;\">Por est\u00e1 raz\u00f3n el parlamentario explic\u00f3 que \u201ctomamos contacto con el director subrogante de la Conadi que reconoci\u00f3 que se hab\u00eda producido un atraso en el cumplimiento del compromiso y que de todas maneras dio instrucciones, as\u00ed que el pr\u00f3ximo lunes ya habr\u00e1 en terreno una representaci\u00f3n de la Conadi con el prop\u00f3sito de retomar esta iniciativa, as\u00ed que valoramos la decisi\u00f3n oportuna que ha tomado el director subrogante para llevar adelante el compromiso que en el mes de abril hab\u00eda tomado el ministro Lav\u00edn\u201d, manifest\u00f3 el senador.<\/p>\n<p style=\"text-align: justify;\">El senador Camilo Escalona adem\u00e1s se refiri\u00f3 a los hechos acaecidos en la Regi\u00f3n de la Araucan\u00eda con comunidades mapuches, y manifest\u00f3 que \u201ccoincido en la opini\u00f3n del obispo de Temuco, en el sentido que aqu\u00ed hay un tema de la interculturalidad que es el punto esencial, o sea hay que resolver el tema de la demandas de tierras, pero no exclusivamente ese tema; hay que enfrentar el tema de la pobreza porque la inversi\u00f3n p\u00fablica en la Regi\u00f3n de la Araucan\u00eda ha sido similar a la de otras regiones, o sea no ha sido focalizado un esfuerzo especial del Estado, por ejemplo si uno mira los \u00edndices de agua potable rural y de otro tipo, son claramente d\u00e9biles\u201d.<\/p>\n<p style=\"text-align: justify;\">Junto a ello se\u00f1al\u00f3 que \u201cel Estado no fue capaz de ser sensible frente a una situaci\u00f3n que se iba agravar y agudizar, pero a\u00fan cuando como dice el obispo no es solamente un tema de plata ni s\u00f3lo de pobreza, a\u00fan cuando resolvi\u00e9ramos todo el tema de la pobreza, de todas maneras hay una demanda de reconocimiento al pueblo mapuche, que el Estado chileno se tiene que hacer cargo\u201d.<\/p>\n<p style=\"text-align: justify;\">El senador Escalona indic\u00f3 que \u201cpor ejemplo hace pocos d\u00edas estuve reunido con un grupo de dirigentes de la Regi\u00f3n Metropolitana, quienes manifestaron el tema de la lengua, o sea nuestras escuelas debiesen ense\u00f1ar el mapudungun, no debiese ser un tema que quede al arbitrio del alcalde y de la buena o mala voluntad que tenga, de si logro tener un cierto presupuesto o no; nuestros ni\u00f1os debiesen ser educados de una manera que fuera natural el considerar a los pueblos ind\u00edgenas en una situaci\u00f3n de pares\u201d, expuso.<\/p>\n<p style=\"text-align: justify;\">El senador escalona acus\u00f3 que \u201cse ha ido generando una situaci\u00f3n de agobio en los pueblos ind\u00edgenas de nuestro pa\u00eds que el Estado no ha sido capaz de abrir cauce a una soluci\u00f3n de fondo, y esto tiene que ver paradojalmente con que a veces el propio Estado hace a veces cosas buenas, la llamada beca ind\u00edgena, yo creo que esa beca ha ayudado, ha generado que muchos j\u00f3venes mapuches puedan ser profesionales y sin esa beca no lo hubieran sido, pero al mismo tiempo que se transforman en profesionales y tienen acceso a una formaci\u00f3n cultural m\u00e1s amplia, a la ciencia, tecnolog\u00eda, informaci\u00f3n, esos mismos j\u00f3venes mapuches aprenden y conocen que su pueblo est\u00e1 menoscabado, entonces, se genera un circulo vicioso\u201d.<\/p>\n<p style=\"text-align: justify;\">\u201cPor lo tanto el desaf\u00edo del Estado chileno est\u00e1 lejos de enfrentarse de manera correcta, si es que el gobierno entiende que este es un problema de seguridad. Este es un problema de reenfoque, reequilibrio, de una nueva relaci\u00f3n del Estado de Chile con el pueblo mapuche\u201d, sentenci\u00f3 el senador Camilo Escalona.<\/p>\n<p style=\"text-align: justify;\">Departamento de Prensa<\/p>\n","protected":false},"excerpt":{"rendered":"<p>El Presidente del Senado, senador por la Regi\u00f3n de Los Lagos Camilo Escalona, sostuvo este viernes una reuni\u00f3n con dirigentes ind\u00edgenas de Kompu, comuna de Quell\u00f3n, para solicitar a Conadi que pueda agilizar los certificados de aplicabilidad de las tierras que demanda esa comunidad huilliche, que se encuentran actualmente en manos de la trasnacional Golden [&hellip;]<\/p>\n","protected":false},"author":2,"featured_media":2535,"comment_status":"open","ping_status":"open","sticky":false,"template":"","format":"standard","meta":[],"categories":[3],"tags":[5],"jetpack_featured_media_url":"https:\/\/www.radiochiloe.cl\/wp-content\/uploads\/2012\/07\/escalona_compu.jpg","_links":{"self":[{"href":"https:\/\/www.radiochiloe.cl\/index.php?rest_route=\/wp\/v2\/posts\/2534"}],"collection":[{"href":"https:\/\/www.radiochiloe.cl\/index.php?rest_route=\/wp\/v2\/posts"}],"about":[{"href":"https:\/\/www.radiochiloe.cl\/index.php?rest_route=\/wp\/v2\/types\/post"}],"author":[{"embeddable":true,"href":"https:\/\/www.radiochiloe.cl\/index.php?rest_route=\/wp\/v2\/users\/2"}],"replies":[{"embeddable":true,"href":"https:\/\/www.radiochiloe.cl\/index.php?rest_route=%2Fwp%2Fv2%2Fcomments&post=2534"}],"version-history":[{"count":4,"href":"https:\/\/www.radiochiloe.cl\/index.php?rest_route=\/wp\/v2\/posts\/2534\/revisions"}],"predecessor-version":[{"id":2537,"href":"https:\/\/www.radiochiloe.cl\/index.php?rest_route=\/wp\/v2\/posts\/2534\/revisions\/2537"}],"wp:featuredmedia":[{"embeddable":true,"href":"https:\/\/www.radiochiloe.cl\/index.php?rest_route=\/wp\/v2\/media\/2535"}],"wp:attachment":[{"href":"https:\/\/www.radiochiloe.cl\/index.php?rest_route=%2Fwp%2Fv2%2Fmedia&parent=2534"}],"wp:term":[{"taxonomy":"category","embeddable":true,"href":"https:\/\/www.radiochiloe.cl\/index.php?rest_route=%2Fwp%2Fv2%2Fcategories&post=2534"},{"taxonomy":"post_tag","embeddable":true,"href":"https:\/\/www.radiochiloe.cl\/index.php?rest_route=%2Fwp%2Fv2%2Ftags&post=2534"}],"curies":[{"name":"wp","href":"https:\/\/api.w.org\/{rel}","templated":true}]}}