{"id":2538,"date":"2012-07-28T14:02:55","date_gmt":"2012-07-28T18:02:55","guid":{"rendered":"http:\/\/www.radiochiloe.cl\/?p=2538"},"modified":"2012-07-28T14:12:17","modified_gmt":"2012-07-28T18:12:17","slug":"vecinos-de-bellavista-terminaron-espera-y-ya-cuentan-con-sus-escrituras","status":"publish","type":"post","link":"https:\/\/www.radiochiloe.cl\/?p=2538","title":{"rendered":"Vecinos de Bellavista terminaron espera y ya cuentan con sus escrituras."},"content":{"rendered":"<p style=\"text-align: justify;\">Cerca de dos d\u00e9cadas tuvieron que esperar los vecinos de la poblaci\u00f3n Bellavista 1, para obtener las escrituras de las viviendas que recibieron en 1995.<\/p>\n<p style=\"text-align: justify;\">Pese al compromiso gubernamental de materializar la oficializaci\u00f3n de la propiedad de los inmuebles, esto no se hab\u00eda concretado.<\/p>\n<p style=\"text-align: justify;\">\u201cNos hicimos carga, fijamos el compromiso y pudimos finalmente cumplirlo. Seis seremis se lo prometieron anteriormente y nunca cumplieron y hoy damos respuesta y entregamos las escrituras\u201d, record\u00f3 el secretario regional de Vivienda y Urbanismo, Federico G\u00fcnckel.<\/p>\n<p style=\"text-align: justify;\">Los habitantes mostraron su satisfacci\u00f3n por contar con los documentos, agradeciendo a las autoridades por el respaldo, ya que ahora podr\u00e1n postular a ampliaciones, reparaciones, o incluso hasta a un cambio de casa si es que est\u00e1 muy deteriorada.<br \/>\n\u201cUn reconocimiento muy especial para el se\u00f1or alcalde (Federico Kr\u00fcger) que estuvo permanentemente en el sector recogiendo quejas, todo lo que nos duele y que hizo las gestiones necesarias, por lo que cumpli\u00f3 con nosotros\u201d, afirm\u00f3 el dirigente C\u00e9sar Barrientos.<\/p>\n<p style=\"text-align: justify;\">Para el jefe comunal valor\u00f3 el papel cumplido por el seremi de la citada cartera, reconociendo que hubo esfuerzos cruzados para terminar con la demora.<br \/>\n\u201cQu\u00e9 grato resulta cuando se pueden compartir estas realizaciones que tienen que ver con los esfuerzos de muchas personas\u201d, expres\u00f3 el edil.<\/p>\n<p style=\"text-align: justify;\">Por otro lado, en el acto se inform\u00f3 que ya est\u00e1n los recursos para la construcci\u00f3n de muros de contenci\u00f3n de 21 familias.<br \/>\nMediante el programa de Saneamiento de Poblaciones, se levantar\u00e1n 21 estructuras de hormig\u00f3n armado. Con una inversi\u00f3n de 88 millones 460 mil pesos, se licitar\u00e1 en las pr\u00f3ximas semanas, comenz\u00e1ndose los trabajos este mismo a\u00f1o.<\/p>\n<p style=\"text-align: justify;\">Asimismo, se mostr\u00f3 un video con el que se explic\u00f3 a los vecinos los alcances del trabajo que efectuar\u00e1 el programa Barrios, que dispone de 650 millones de pesos para mejorar los puntos que sean seleccionados por los pobladores.<\/p>\n<p style=\"text-align: justify;\">Departamento de Prensa.<\/p>\n","protected":false},"excerpt":{"rendered":"<p>Cerca de dos d\u00e9cadas tuvieron que esperar los vecinos de la poblaci\u00f3n Bellavista 1, para obtener las escrituras de las viviendas que recibieron en 1995. Pese al compromiso gubernamental de materializar la oficializaci\u00f3n de la propiedad de los inmuebles, esto no se hab\u00eda concretado. \u201cNos hicimos carga, fijamos el compromiso y pudimos finalmente cumplirlo. Seis [&hellip;]<\/p>\n","protected":false},"author":2,"featured_media":2539,"comment_status":"open","ping_status":"open","sticky":false,"template":"","format":"standard","meta":[],"categories":[3],"tags":[5],"jetpack_featured_media_url":"https:\/\/www.radiochiloe.cl\/wp-content\/uploads\/2012\/07\/ancud1.jpg","_links":{"self":[{"href":"https:\/\/www.radiochiloe.cl\/index.php?rest_route=\/wp\/v2\/posts\/2538"}],"collection":[{"href":"https:\/\/www.radiochiloe.cl\/index.php?rest_route=\/wp\/v2\/posts"}],"about":[{"href":"https:\/\/www.radiochiloe.cl\/index.php?rest_route=\/wp\/v2\/types\/post"}],"author":[{"embeddable":true,"href":"https:\/\/www.radiochiloe.cl\/index.php?rest_route=\/wp\/v2\/users\/2"}],"replies":[{"embeddable":true,"href":"https:\/\/www.radiochiloe.cl\/index.php?rest_route=%2Fwp%2Fv2%2Fcomments&post=2538"}],"version-history":[{"count":3,"href":"https:\/\/www.radiochiloe.cl\/index.php?rest_route=\/wp\/v2\/posts\/2538\/revisions"}],"predecessor-version":[{"id":2541,"href":"https:\/\/www.radiochiloe.cl\/index.php?rest_route=\/wp\/v2\/posts\/2538\/revisions\/2541"}],"wp:featuredmedia":[{"embeddable":true,"href":"https:\/\/www.radiochiloe.cl\/index.php?rest_route=\/wp\/v2\/media\/2539"}],"wp:attachment":[{"href":"https:\/\/www.radiochiloe.cl\/index.php?rest_route=%2Fwp%2Fv2%2Fmedia&parent=2538"}],"wp:term":[{"taxonomy":"category","embeddable":true,"href":"https:\/\/www.radiochiloe.cl\/index.php?rest_route=%2Fwp%2Fv2%2Fcategories&post=2538"},{"taxonomy":"post_tag","embeddable":true,"href":"https:\/\/www.radiochiloe.cl\/index.php?rest_route=%2Fwp%2Fv2%2Ftags&post=2538"}],"curies":[{"name":"wp","href":"https:\/\/api.w.org\/{rel}","templated":true}]}}