{"id":2542,"date":"2012-07-28T14:11:42","date_gmt":"2012-07-28T18:11:42","guid":{"rendered":"http:\/\/www.radiochiloe.cl\/?p=2542"},"modified":"2012-07-28T16:34:37","modified_gmt":"2012-07-28T20:34:37","slug":"alcalde-curumilla-solicita-mejor-conectividad","status":"publish","type":"post","link":"https:\/\/www.radiochiloe.cl\/?p=2542","title":{"rendered":"Alcalde Luis Curumilla solicita mejor conectividad"},"content":{"rendered":"<p style=\"text-align: justify;\">Un llamado a las autoridades competentes a mejorar las actuales condiciones de conectividad en el Canal Dalcahue, hizo en el alcalde de Curaco de V\u00e9lez, Luis Curumilla.<\/p>\n<p style=\"text-align: justify;\">Este llamado lo realiz\u00f3 en el marco de la ceremonia que dio el vamos oficial a la construcci\u00f3n de la moderna rampa del sector rural de Palqui, donde se encontraban presentes el seremi de obras p\u00fablicas Enrique Hoelk y el intendente de la regi\u00f3n de Los Lagos, Juan Sebasti\u00e1n Montes.<\/p>\n<p style=\"text-align: justify;\">La autoridad curacana manifest\u00f3 que las actuales condiciones en que se entrega el servicio no satisfacen las necesidades de la comunidad y, a una tarifa, que no se condice con el est\u00e1ndar de vida de quienes viven en la Isla de Quinchao.<\/p>\n<p style=\"text-align: justify;\">El alcalde Luis Curumilla, quien a reiterado en varias oportunidades este llamado argument\u00f3 que esta situaci\u00f3n puede llegar a colapsar cualquier bolsillo\u201d, m\u00e1s a\u00fan, si consideramos que para salir de la isla de Chilo\u00e9 deber\u00e1n pagar otro peaje en el canal de Chacao y m\u00e1s adelante cuando la doble v\u00eda Puerto Montt \u2013 Pargua, este terminada.<\/p>\n<p style=\"text-align: justify;\">Por esta raz\u00f3n, hizo un llamado a las autoridades para que desde ya se comience a analizar esta situaci\u00f3n y no se actu\u00e9 ante hechos consumados y en donde lamentablemente la que siempre sale perjudicada es la gente de Chilo\u00e9\u201d.<\/p>\n<p style=\"text-align: justify;\">En tanto el Intendente Juan Sebastian Montes, indic\u00f3 que el gobierno tiene prioridades y el puente sobre el canal Dalcahue, no est\u00e1 contemplado, haciendo un llamado a que el proyecto no decaiga\u201d, sosteniendo que este viaducto deber\u00eda ser analizado luego del 2014.<\/p>\n<p style=\"text-align: justify;\">En cuanto, al triple peaje que deber\u00edan pagar los habitantes de la isla Quinchao, para llegar al continente, el Intendente declin\u00f3 entregar declaraciones.<\/p>\n<p style=\"text-align: justify;\">Departamento de Prensa<\/p>\n","protected":false},"excerpt":{"rendered":"<p>Un llamado a las autoridades competentes a mejorar las actuales condiciones de conectividad en el Canal Dalcahue, hizo en el alcalde de Curaco de V\u00e9lez, Luis Curumilla. Este llamado lo realiz\u00f3 en el marco de la ceremonia que dio el vamos oficial a la construcci\u00f3n de la moderna rampa del sector rural de Palqui, donde [&hellip;]<\/p>\n","protected":false},"author":2,"featured_media":2543,"comment_status":"open","ping_status":"open","sticky":false,"template":"","format":"standard","meta":[],"categories":[3],"tags":[5],"jetpack_featured_media_url":"https:\/\/www.radiochiloe.cl\/wp-content\/uploads\/2012\/07\/dalcahue-canal.jpg","_links":{"self":[{"href":"https:\/\/www.radiochiloe.cl\/index.php?rest_route=\/wp\/v2\/posts\/2542"}],"collection":[{"href":"https:\/\/www.radiochiloe.cl\/index.php?rest_route=\/wp\/v2\/posts"}],"about":[{"href":"https:\/\/www.radiochiloe.cl\/index.php?rest_route=\/wp\/v2\/types\/post"}],"author":[{"embeddable":true,"href":"https:\/\/www.radiochiloe.cl\/index.php?rest_route=\/wp\/v2\/users\/2"}],"replies":[{"embeddable":true,"href":"https:\/\/www.radiochiloe.cl\/index.php?rest_route=%2Fwp%2Fv2%2Fcomments&post=2542"}],"version-history":[{"count":2,"href":"https:\/\/www.radiochiloe.cl\/index.php?rest_route=\/wp\/v2\/posts\/2542\/revisions"}],"predecessor-version":[{"id":2548,"href":"https:\/\/www.radiochiloe.cl\/index.php?rest_route=\/wp\/v2\/posts\/2542\/revisions\/2548"}],"wp:featuredmedia":[{"embeddable":true,"href":"https:\/\/www.radiochiloe.cl\/index.php?rest_route=\/wp\/v2\/media\/2543"}],"wp:attachment":[{"href":"https:\/\/www.radiochiloe.cl\/index.php?rest_route=%2Fwp%2Fv2%2Fmedia&parent=2542"}],"wp:term":[{"taxonomy":"category","embeddable":true,"href":"https:\/\/www.radiochiloe.cl\/index.php?rest_route=%2Fwp%2Fv2%2Fcategories&post=2542"},{"taxonomy":"post_tag","embeddable":true,"href":"https:\/\/www.radiochiloe.cl\/index.php?rest_route=%2Fwp%2Fv2%2Ftags&post=2542"}],"curies":[{"name":"wp","href":"https:\/\/api.w.org\/{rel}","templated":true}]}}