{"id":2554,"date":"2012-07-30T11:14:52","date_gmt":"2012-07-30T15:14:52","guid":{"rendered":"http:\/\/www.radiochiloe.cl\/?p=2554"},"modified":"2012-07-30T11:14:52","modified_gmt":"2012-07-30T15:14:52","slug":"diputados-santana-y-recondo-dan-inicio-a-la-campana-municipal-2012-en-chonchi","status":"publish","type":"post","link":"https:\/\/www.radiochiloe.cl\/?p=2554","title":{"rendered":"Diputados Santana y Recondo dan inicio a la campa\u00f1a municipal 2012 en Chonchi."},"content":{"rendered":"<p style=\"text-align: justify;\">En su calidad de presidentes regionales de Renovaci\u00f3n Nacional (RN) y Uni\u00f3n Dem\u00f3crata Independiente (UDI), los diputados Alejandro Santana y Carlos Recondo junto a los candidatos y algo m\u00e1s de 600 personas, dieron inicio a la campa\u00f1a municipal 2012 en la comuna de los tres pisos.<\/p>\n<p style=\"text-align: justify;\">Este fin de semana se llev\u00f3 a cabo el lanzamiento oficial de la campa\u00f1a municipal, con el objetivo de lograr la obtenci\u00f3n del sill\u00f3n alcaldicio de la comuna de Chonchi por parte del actual concejal de Renovaci\u00f3n Nacional Pedro Andrade P\u00e9rez.<\/p>\n<p style=\"text-align: justify;\">Dicha actividad congreg\u00f3 a m\u00e1s de medio millar de personas, tras haber realizado una caravana vehicular por la ciudad chonchina y posterior acto pol\u00edtico en el centro de eventos Guant\u00e1namo, donde se presentaron oficialmente los candidatos a concejal por la Coalici\u00f3n por el Cambio, que integrar\u00e1n el pr\u00f3ximo concejo municipal de Chonchi, junto al candidato a alcalde Pedro Andrade P\u00e9rez.<\/p>\n<p style=\"text-align: justify;\">La cita sirvi\u00f3 para demostrar a la comunidad chonchina la uni\u00f3n y trabajo en equipo que existe al interior de la coalici\u00f3n gobernante, como a su vez, para dar a conocer los lineamientos y propuestas del candidato a Alcalde.<\/p>\n<p style=\"text-align: justify;\">Es as\u00ed, como el diputado Carlos Recondo agradeci\u00f3 la \u201cdecisi\u00f3n de que [Mercindo B\u00e1ez, F\u00e9lix B\u00f3rquez, Amado Segovia, H\u00e9ctor Navarro, Fernando Oyarz\u00fan y Pedro Andrade] sean candidatos por la comuna de Chonchi y tomaran las banderas de la Coalici\u00f3n por el Cambio, ya que, es una tarea que demanda mucho esfuerzo y sacrificio, pero con el objetivo de sacar adelante cada uno de los requerimientos de los ciudadanos y hacer de esta una mejor comuna\u201d se\u00f1al\u00f3 el Presidente Regional de la UDI y Diputado por el distrito 57.<\/p>\n<p style=\"text-align: justify;\">Por su parte, el diputado por Chilo\u00e9 y Palena, Alejando Santana, aprovech\u00f3 la oportunidad para indicar que \u201choy en d\u00eda la UDI como Renovaci\u00f3n Nacional, se han unido para un desaf\u00edo, que en este caso, el pueblo chonchino pide a gritos. Que es tener un alcalde con valores; un alcalde donde no solamente sus cualidades pol\u00edticas sean las relevantes para asumir el cargo, sino que un alcalde donde sus condiciones personales sean las que traspasen la gesti\u00f3n municipal\u201d, es as\u00ed, como agreg\u00f3 \u2013 en raz\u00f3n a este evento \u2013 que \u201cse inicia un proceso que el 28 de octubre va a culminar, quiz\u00e1s, con una alegr\u00eda inmensa de miles de chonchinos y no solamente de los que tienen vinculaci\u00f3n a la Coalici\u00f3n por el Cambio, sino que de toda la comunidad que entiende que en la democracia ganan los que m\u00e1s votos tienen, pero la mejor democracia es cuando quien gana representa a todos; sin distinci\u00f3n, sin diferencias y tolerando las libertades de expresi\u00f3n, pol\u00edticas o religiosas que podamos tener\u201d, sentenci\u00f3 el Presidente Regional de RN.<\/p>\n<p style=\"text-align: justify;\">Ya finalizando el acto de pronunciamiento pol\u00edtico, al tomar la palabra, el candidato a alcalde Pedro Andrade P\u00e9rez, junto con agradecer la disposici\u00f3n y apoyo, tanto de su familia, RN, la UDI y la gente de Chonchi desde el primer d\u00eda que asumi\u00f3 este desaf\u00edo, expres\u00f3 su anhelo de tener un municipio de \u201cpuertas abiertas, de participaci\u00f3n ciudadana y en donde se mejore la forma y calidad de atenci\u00f3n a las personas\u201d ofreciendo un claro cambio de estilo en la manera de dirigir la comuna.<br \/>\nEs as\u00ed, como indic\u00f3, dentro de sus planteamientos querer \u201cdar oportunidad y mayor participaci\u00f3n a los j\u00f3venes de Chonchi, por medio de la creaci\u00f3n \u2013 al interior del municipio \u2013 de una oficina de la juventud, ya que son ellos la nueva sabia y esperanza de nuestra comuna\u201d, agreg\u00f3 a su vez, la creaci\u00f3n de la oficina de deporte como cambio dentro de la estructura municipal.<\/p>\n<p style=\"text-align: justify;\">As\u00ed las cosas, finalmente, en el \u00e1rea de Educaci\u00f3n, expres\u00f3 que \u201calrededor del 70% del personal se encuentra a contrata y el porcentaje restante con contrato indefinido\u201d por lo cual buscar\u00e1 mecanismos para que aquellos funcionarios no dependan de la voluntad del alcalde de turno, argumentando que \u201cestamos para darle oportunidades primero a nuestra gente chonchina\u201d en alusi\u00f3n a que el componente profesional de la comuna es de otros sectores de la isla o de la regi\u00f3n, restando oportunidades laborales a gente de Chonchi.<\/p>\n<p style=\"text-align: justify;\">Departamento de Prensa.<\/p>\n","protected":false},"excerpt":{"rendered":"<p>En su calidad de presidentes regionales de Renovaci\u00f3n Nacional (RN) y Uni\u00f3n Dem\u00f3crata Independiente (UDI), los diputados Alejandro Santana y Carlos Recondo junto a los candidatos y algo m\u00e1s de 600 personas, dieron inicio a la campa\u00f1a municipal 2012 en la comuna de los tres pisos. Este fin de semana se llev\u00f3 a cabo el [&hellip;]<\/p>\n","protected":false},"author":2,"featured_media":2555,"comment_status":"open","ping_status":"open","sticky":false,"template":"","format":"standard","meta":[],"categories":[3],"tags":[5],"jetpack_featured_media_url":"https:\/\/www.radiochiloe.cl\/wp-content\/uploads\/2012\/07\/rnchochi.jpg","_links":{"self":[{"href":"https:\/\/www.radiochiloe.cl\/index.php?rest_route=\/wp\/v2\/posts\/2554"}],"collection":[{"href":"https:\/\/www.radiochiloe.cl\/index.php?rest_route=\/wp\/v2\/posts"}],"about":[{"href":"https:\/\/www.radiochiloe.cl\/index.php?rest_route=\/wp\/v2\/types\/post"}],"author":[{"embeddable":true,"href":"https:\/\/www.radiochiloe.cl\/index.php?rest_route=\/wp\/v2\/users\/2"}],"replies":[{"embeddable":true,"href":"https:\/\/www.radiochiloe.cl\/index.php?rest_route=%2Fwp%2Fv2%2Fcomments&post=2554"}],"version-history":[{"count":2,"href":"https:\/\/www.radiochiloe.cl\/index.php?rest_route=\/wp\/v2\/posts\/2554\/revisions"}],"predecessor-version":[{"id":2557,"href":"https:\/\/www.radiochiloe.cl\/index.php?rest_route=\/wp\/v2\/posts\/2554\/revisions\/2557"}],"wp:featuredmedia":[{"embeddable":true,"href":"https:\/\/www.radiochiloe.cl\/index.php?rest_route=\/wp\/v2\/media\/2555"}],"wp:attachment":[{"href":"https:\/\/www.radiochiloe.cl\/index.php?rest_route=%2Fwp%2Fv2%2Fmedia&parent=2554"}],"wp:term":[{"taxonomy":"category","embeddable":true,"href":"https:\/\/www.radiochiloe.cl\/index.php?rest_route=%2Fwp%2Fv2%2Fcategories&post=2554"},{"taxonomy":"post_tag","embeddable":true,"href":"https:\/\/www.radiochiloe.cl\/index.php?rest_route=%2Fwp%2Fv2%2Ftags&post=2554"}],"curies":[{"name":"wp","href":"https:\/\/api.w.org\/{rel}","templated":true}]}}