{"id":2558,"date":"2012-07-30T11:23:07","date_gmt":"2012-07-30T15:23:07","guid":{"rendered":"http:\/\/www.radiochiloe.cl\/?p=2558"},"modified":"2012-07-30T11:23:07","modified_gmt":"2012-07-30T15:23:07","slug":"cesfam-celebra-semana-de-la-lactancia-materna","status":"publish","type":"post","link":"https:\/\/www.radiochiloe.cl\/?p=2558","title":{"rendered":"Cesfam celebra Semana de la Lactancia Materna."},"content":{"rendered":"<p style=\"text-align: justify;\">Cada a\u00f1o, desde el 1 al 7 de agosto, el sector salud invita a la poblaci\u00f3n a fomentar la lactancia materna. La lactancia natural es el mejor modo de proporcionar al reci\u00e9n nacido los nutrientes que necesita. La OMS la recomienda como modo exclusivo de alimentaci\u00f3n hasta los seis meses de edad.<\/p>\n<p style=\"text-align: justify;\">El lema para este a\u00f1o es \u201cComprendiendo el pasado, construyendo el futuro\u201d. Es una forma de hacer un balance sobre el camino recorrido y el que a\u00fan queda por recorrer, celebrando los \u00e9xitos y logros del movimiento de apoyo a madres lactantes.<\/p>\n<p style=\"text-align: justify;\">Jeannette Bastias, Nutricionista del Centro de Salud Familiar de Castro, expresa que la nutrici\u00f3n y los cuidados durante los primeros a\u00f1os de vida del lactante, son fundamentales para la salud y el bienestar a lo largo de toda la vida. En la infancia no hay regalo m\u00e1s valioso que la lactancia materna. Los ni\u00f1os amamantados tienen menor riesgo de enfermar de diarrea e infecciones respiratorias.<\/p>\n<p style=\"text-align: justify;\">La profesional, se\u00f1ala que adem\u00e1s dar pecho fortalece el v\u00ednculo afectivo entre la madre y el ni\u00f1o y evita un gasto innecesario de dinero al comprar f\u00f3rmulas l\u00e1cteas. Amamantar disminuye las probabilidades de que el ni\u00f1o o ni\u00f1a en el largo plazo desarrolle enfermedades cr\u00f3nicas como hipertensi\u00f3n, diabetes y algunos tipos de c\u00e1ncer.<\/p>\n<p style=\"text-align: justify;\">El mayor beneficio es que la leche materna es portable y tiene siempre la temperatura ideal. Se evita el uso de mamaderas, su limpieza, hervir agua, dosificar la cantidad correcta de leche en polvo, contar con agua potable y uso de calentadores.<br \/>\nPor su parte Alvaro Espinoza, Jefe del Programa de Promoci\u00f3n de la salud del Cesfam informa que durante esta semana, se realiza una serie de acciones de educaci\u00f3n y difusi\u00f3n, con la finalidad de fomentar la lactancia materna. Adem\u00e1s se\u00f1ala que se encuentran disponibles los talleres del programa de Chile crece contigo o conversar con alg\u00fan profesional del Cesfam, para que ellos puedan resolver sus inquietudes.<\/p>\n<p style=\"text-align: justify;\">Departamento de Prensa.<\/p>\n<p>&nbsp;<\/p>\n","protected":false},"excerpt":{"rendered":"<p>Cada a\u00f1o, desde el 1 al 7 de agosto, el sector salud invita a la poblaci\u00f3n a fomentar la lactancia materna. La lactancia natural es el mejor modo de proporcionar al reci\u00e9n nacido los nutrientes que necesita. La OMS la recomienda como modo exclusivo de alimentaci\u00f3n hasta los seis meses de edad. El lema para [&hellip;]<\/p>\n","protected":false},"author":2,"featured_media":2559,"comment_status":"open","ping_status":"open","sticky":false,"template":"","format":"standard","meta":[],"categories":[3],"tags":[5],"jetpack_featured_media_url":"https:\/\/www.radiochiloe.cl\/wp-content\/uploads\/2012\/07\/lactante.jpg","_links":{"self":[{"href":"https:\/\/www.radiochiloe.cl\/index.php?rest_route=\/wp\/v2\/posts\/2558"}],"collection":[{"href":"https:\/\/www.radiochiloe.cl\/index.php?rest_route=\/wp\/v2\/posts"}],"about":[{"href":"https:\/\/www.radiochiloe.cl\/index.php?rest_route=\/wp\/v2\/types\/post"}],"author":[{"embeddable":true,"href":"https:\/\/www.radiochiloe.cl\/index.php?rest_route=\/wp\/v2\/users\/2"}],"replies":[{"embeddable":true,"href":"https:\/\/www.radiochiloe.cl\/index.php?rest_route=%2Fwp%2Fv2%2Fcomments&post=2558"}],"version-history":[{"count":2,"href":"https:\/\/www.radiochiloe.cl\/index.php?rest_route=\/wp\/v2\/posts\/2558\/revisions"}],"predecessor-version":[{"id":2561,"href":"https:\/\/www.radiochiloe.cl\/index.php?rest_route=\/wp\/v2\/posts\/2558\/revisions\/2561"}],"wp:featuredmedia":[{"embeddable":true,"href":"https:\/\/www.radiochiloe.cl\/index.php?rest_route=\/wp\/v2\/media\/2559"}],"wp:attachment":[{"href":"https:\/\/www.radiochiloe.cl\/index.php?rest_route=%2Fwp%2Fv2%2Fmedia&parent=2558"}],"wp:term":[{"taxonomy":"category","embeddable":true,"href":"https:\/\/www.radiochiloe.cl\/index.php?rest_route=%2Fwp%2Fv2%2Fcategories&post=2558"},{"taxonomy":"post_tag","embeddable":true,"href":"https:\/\/www.radiochiloe.cl\/index.php?rest_route=%2Fwp%2Fv2%2Ftags&post=2558"}],"curies":[{"name":"wp","href":"https:\/\/api.w.org\/{rel}","templated":true}]}}