{"id":2562,"date":"2012-07-30T11:37:11","date_gmt":"2012-07-30T15:37:11","guid":{"rendered":"http:\/\/www.radiochiloe.cl\/?p=2562"},"modified":"2012-07-30T11:37:11","modified_gmt":"2012-07-30T15:37:11","slug":"municipalidad-de-castro-atendio-requerimientos-de-vecinos-de-isla-chelin","status":"publish","type":"post","link":"https:\/\/www.radiochiloe.cl\/?p=2562","title":{"rendered":"Municipalidad de Castro atendi\u00f3 requerimientos de vecinos de isla Chel\u00edn."},"content":{"rendered":"<p style=\"text-align: justify;\">Hasta la sede social de Huechochel\u00edn lleg\u00f3 un equipo de funcionarios municipales y de diversos servicios p\u00fablicos de la capital provincial.<\/p>\n<p style=\"text-align: justify;\">M\u00e1s de cincuentena de vecinos de la isla Chel\u00edn de la comuna de Castro participaron de la actividad denominada \u201cGobierno en Terreno\u201d, que se desarroll\u00f3 durante la jornada de este domingo en la sede social de la junta de vecinos del sector Huechochel\u00edn, localidad hasta donde llegaron una serie de servicios p\u00fablicos, la Gobernaci\u00f3n Provincial de Chilo\u00e9 y un equipo de funcionarios de la Municipalidad y de la Corporaci\u00f3n para la Educaci\u00f3n, Salud y Atenci\u00f3n al Menor de Castro, quienes fueron invitados a asistir a la instancia.<\/p>\n<p>La actividad ten\u00eda como finalidad que los lugare\u00f1os -que viven alejados de la ciudad- realizaran tr\u00e1mites y efectuaran consultas a las entidades que estuvieron presentes en el lugar.<\/p>\n<p>De esta manera fue como se trasladaron hasta la \u00ednsula funcionarios del municipio local de la Oficina de Seguridad Ciudadana, la Direcci\u00f3n de Obras Municipales, los programas Prodesal, mujer trabajadora y jefa de hogar; Julio Mu\u00f1oz, en su calidad de jefe de gabinete, adem\u00e1s del secretario de la Corporaci\u00f3n, Carlos Delgado y los jefes de los departamentos de salud y educaci\u00f3n de dicha entidad.<\/p>\n<p>De acuerdo a lo relatado por Julio Mu\u00f1oz, jefe de gabinete de la Municipalidad de Castro, la junta de vecinos de Huechochel\u00edn extendi\u00f3 tambi\u00e9n la invitaci\u00f3n al municipio. \u201cNos interesa mantener un permanente contacto con la comunidad, y no s\u00f3lo en la ciudad, sino tambi\u00e9n en los lugares apartados como lo son las islas y sectores rurales, ya que nos interesa atender todas las demandas de la poblaci\u00f3n\u201d, relat\u00f3 Mu\u00f1oz.<\/p>\n<p>Asimismo, Mu\u00f1oz sostuvo que se busc\u00f3 un sistema bastante pertinente para la ocasi\u00f3n, el cual consisti\u00f3 en habilitar un buz\u00f3n se consultas y sugerencias, \u201ccada inquietud de los vecinos, aparte de ser escuchada por el funcionario, fue plasmada en un formulario, esto con la finalidad de que en un per\u00edodo no superior a diez d\u00edas se d\u00e9 respuesta y soluci\u00f3n a ese requerimiento\u201d, detall\u00f3.<\/p>\n<p>As\u00ed, la actividad fue evaluada positivamente, tanto por la Municipalidad como por los vecinos y dirigentes sociales del sector, quienes agradecieron que tanto los servicios p\u00fablicos como oficinas municipales se trasladaran hasta las proximidades de sus hogares, para de manera m\u00e1s personalizada escuchar sus peticiones.<\/p>\n<p>\u201cAgradecemos a todos los que estuvieron presentes, pues hac\u00eda tiempo que los vecinos estaban esperando resolver dudas, y no todos siempre tienen la posibilidad de viajar a Castro y cuando lo hacen no alcanzan a recorrer todas las oficinas p\u00fablicas\u201d, dijo la presidenta de la junta de vecinos de Huechochel\u00edn, Flor Alvarado.<\/p>\n<p>Por esta raz\u00f3n no se descarta como municipio replicar este tipo de experiencias en otros sectores de la comuna, esto con la finalidad de acercar la Municipalidad a los vecinos, algo que en Chel\u00edn se efect\u00faa hace varios a\u00f1os ya, dado que los programas prodesal, mujer trabajadora y jefa de hogar, oficina de seguridad p\u00fablica junto a la Corporaci\u00f3n Municipal, han estado trabajado constantemente en la isla en pos del bienestar de las familias.<\/p>\n<p style=\"text-align: justify;\">Departamento de Prensa.<\/p>\n","protected":false},"excerpt":{"rendered":"<p>Hasta la sede social de Huechochel\u00edn lleg\u00f3 un equipo de funcionarios municipales y de diversos servicios p\u00fablicos de la capital provincial. M\u00e1s de cincuentena de vecinos de la isla Chel\u00edn de la comuna de Castro participaron de la actividad denominada \u201cGobierno en Terreno\u201d, que se desarroll\u00f3 durante la jornada de este domingo en la sede [&hellip;]<\/p>\n","protected":false},"author":2,"featured_media":2563,"comment_status":"open","ping_status":"open","sticky":false,"template":"","format":"standard","meta":[],"categories":[3],"tags":[5],"jetpack_featured_media_url":"https:\/\/www.radiochiloe.cl\/wp-content\/uploads\/2012\/07\/munichelin.jpg","_links":{"self":[{"href":"https:\/\/www.radiochiloe.cl\/index.php?rest_route=\/wp\/v2\/posts\/2562"}],"collection":[{"href":"https:\/\/www.radiochiloe.cl\/index.php?rest_route=\/wp\/v2\/posts"}],"about":[{"href":"https:\/\/www.radiochiloe.cl\/index.php?rest_route=\/wp\/v2\/types\/post"}],"author":[{"embeddable":true,"href":"https:\/\/www.radiochiloe.cl\/index.php?rest_route=\/wp\/v2\/users\/2"}],"replies":[{"embeddable":true,"href":"https:\/\/www.radiochiloe.cl\/index.php?rest_route=%2Fwp%2Fv2%2Fcomments&post=2562"}],"version-history":[{"count":2,"href":"https:\/\/www.radiochiloe.cl\/index.php?rest_route=\/wp\/v2\/posts\/2562\/revisions"}],"predecessor-version":[{"id":2565,"href":"https:\/\/www.radiochiloe.cl\/index.php?rest_route=\/wp\/v2\/posts\/2562\/revisions\/2565"}],"wp:featuredmedia":[{"embeddable":true,"href":"https:\/\/www.radiochiloe.cl\/index.php?rest_route=\/wp\/v2\/media\/2563"}],"wp:attachment":[{"href":"https:\/\/www.radiochiloe.cl\/index.php?rest_route=%2Fwp%2Fv2%2Fmedia&parent=2562"}],"wp:term":[{"taxonomy":"category","embeddable":true,"href":"https:\/\/www.radiochiloe.cl\/index.php?rest_route=%2Fwp%2Fv2%2Fcategories&post=2562"},{"taxonomy":"post_tag","embeddable":true,"href":"https:\/\/www.radiochiloe.cl\/index.php?rest_route=%2Fwp%2Fv2%2Ftags&post=2562"}],"curies":[{"name":"wp","href":"https:\/\/api.w.org\/{rel}","templated":true}]}}