{"id":2588,"date":"2012-07-31T13:13:26","date_gmt":"2012-07-31T17:13:26","guid":{"rendered":"http:\/\/www.radiochiloe.cl\/?p=2588"},"modified":"2012-07-31T13:13:26","modified_gmt":"2012-07-31T17:13:26","slug":"las-iglesias-de-chiloe-y-el-rio-futaleufu-podrian-convertirse-en-toda-una-maravilla-pop","status":"publish","type":"post","link":"https:\/\/www.radiochiloe.cl\/?p=2588","title":{"rendered":"Las Iglesias de Chilo\u00e9 y el Rio Futaleuf\u00fa podr\u00edan convertirse en toda una Maravilla Pop."},"content":{"rendered":"<p style=\"text-align: justify;\">Con la pretensi\u00f3n de valorar lo m\u00e1s caracter\u00edstico del pa\u00eds a trav\u00e9s de del voto popular, El Diario la Cuarta en conjunto al Servicio Nacional de Turismo (Sernatur), el Consejo de la Cultura y Las Artes y el Consejo de Monumentos Nacionales lanzaron el concurso \u201cMaravillas Pop\u201d, certamen que busca valorar los iconos naturales y culturales que representen lo m\u00e1s aut\u00e9nticamente chileno.<\/p>\n<p style=\"text-align: justify;\">En la versi\u00f3n 2012 de este concurso, la Regi\u00f3n de Los Lagos esta en competencia con dos caracter\u00edsticos representantes locales insertados en las Categor\u00edas \u201cPara\u00edso Pop\u201d y \u201cMansa Obra\u201d, mientras que en el primero el mundialmente conocido Rio Futaleuf\u00fa busca convertirse en la \u201czona natural m\u00e1s popular\u201d de Chile, en la segunda Las Iglesias de Chilo\u00e9 buscan coronarse como la \u201cconstrucci\u00f3n nacional m\u00e1s popular\u201d.<\/p>\n<p style=\"text-align: justify;\">Fernando Ort\u00fazar, Director de Sernatur Los Lagos invito a participar de este certamen y a votar por las maravillas locales, expresando que \u201cvaloramos profundamente que nuestra regi\u00f3n este considerada con iconos tan potentes y que hablan por s\u00ed solos, lo que se traduce en el enorme inter\u00e9s que a\u00f1o a a\u00f1o despiertan estas localidades entre los visitantes, quienes ven en las Iglesias de Chilo\u00e9 y en el Rio Futaleuf\u00fa dos hitos de importancia mundial\u201d.<\/p>\n<p style=\"text-align: justify;\">Asimismo el Director Regional del Consejo de la Cultura y las Artes Regi\u00f3n de Los Lagos, Alejandro Bernales, tambi\u00e9n hizo una invitaci\u00f3n a votar por los atractivos de la zona y record\u00f3 que los Palafitos ganaron el a\u00f1o pasado en su respectiva categor\u00eda en este concurso, \u201cChilo\u00e9 vuelve a mostrar su importancia y el car\u00e1cter de su cultura, que ha entregado una gran identidad a los habitantes de toda la regi\u00f3n\u201d expres\u00f3.<\/p>\n<p style=\"text-align: justify;\">En la versi\u00f3n del a\u00f1o 2011 m\u00e1s de 36 mil votos fueron recepcionados y en esa ocasi\u00f3n los Palafitos de Chilo\u00e9 se convirtieron en la \u201cConstrucci\u00f3n Nacional m\u00e1s Popular\u201d obteniendo el 15,0% de los votos en la categor\u00eda \u201cMonumentos Hist\u00f3ricos\u201d que hoy pas\u00f3 a denominarse \u201cMansa Obra\u201d, adem\u00e1s El Mercado de Angelm\u00f3 obtuvo el segundo lugar en la categor\u00eda \u201cPicadas Marinas\u201d.<\/p>\n<p style=\"text-align: justify;\">El Rio Futaleuf\u00fa es uno de los mayores atractivos tur\u00edsticos de la Provincia de Palena, que ha generado gran inter\u00e9s a nivel mundial por tratarse de un rio con caracter\u00edsticas excepcionales para realizar deporte aventura, en el que incluso desde el a\u00f1o 2009 se viene desarrollando el \u201cFuta Fest\u201d, evento que re\u00fane los mejores exponentes nacionales e internacionales de kayak y rafting.<\/p>\n<p style=\"text-align: justify;\">Por su parte, las Iglesias de Chilo\u00e9 representan el esp\u00edritu m\u00e1s entra\u00f1able de la comunidad chilota, monumentos que durante siglos han erguido su belleza, las que fueron declaras Patrimonio de la Humanidad por la Unesco en el a\u00f1o 2000.<\/p>\n<p style=\"text-align: justify;\">Departamento de Prensa.<\/p>\n","protected":false},"excerpt":{"rendered":"<p>Con la pretensi\u00f3n de valorar lo m\u00e1s caracter\u00edstico del pa\u00eds a trav\u00e9s de del voto popular, El Diario la Cuarta en conjunto al Servicio Nacional de Turismo (Sernatur), el Consejo de la Cultura y Las Artes y el Consejo de Monumentos Nacionales lanzaron el concurso \u201cMaravillas Pop\u201d, certamen que busca valorar los iconos naturales y [&hellip;]<\/p>\n","protected":false},"author":2,"featured_media":2589,"comment_status":"open","ping_status":"open","sticky":false,"template":"","format":"standard","meta":[],"categories":[3],"tags":[5],"jetpack_featured_media_url":"https:\/\/www.radiochiloe.cl\/wp-content\/uploads\/2012\/07\/Iglesia_de_Castro.jpg","_links":{"self":[{"href":"https:\/\/www.radiochiloe.cl\/index.php?rest_route=\/wp\/v2\/posts\/2588"}],"collection":[{"href":"https:\/\/www.radiochiloe.cl\/index.php?rest_route=\/wp\/v2\/posts"}],"about":[{"href":"https:\/\/www.radiochiloe.cl\/index.php?rest_route=\/wp\/v2\/types\/post"}],"author":[{"embeddable":true,"href":"https:\/\/www.radiochiloe.cl\/index.php?rest_route=\/wp\/v2\/users\/2"}],"replies":[{"embeddable":true,"href":"https:\/\/www.radiochiloe.cl\/index.php?rest_route=%2Fwp%2Fv2%2Fcomments&post=2588"}],"version-history":[{"count":2,"href":"https:\/\/www.radiochiloe.cl\/index.php?rest_route=\/wp\/v2\/posts\/2588\/revisions"}],"predecessor-version":[{"id":2591,"href":"https:\/\/www.radiochiloe.cl\/index.php?rest_route=\/wp\/v2\/posts\/2588\/revisions\/2591"}],"wp:featuredmedia":[{"embeddable":true,"href":"https:\/\/www.radiochiloe.cl\/index.php?rest_route=\/wp\/v2\/media\/2589"}],"wp:attachment":[{"href":"https:\/\/www.radiochiloe.cl\/index.php?rest_route=%2Fwp%2Fv2%2Fmedia&parent=2588"}],"wp:term":[{"taxonomy":"category","embeddable":true,"href":"https:\/\/www.radiochiloe.cl\/index.php?rest_route=%2Fwp%2Fv2%2Fcategories&post=2588"},{"taxonomy":"post_tag","embeddable":true,"href":"https:\/\/www.radiochiloe.cl\/index.php?rest_route=%2Fwp%2Fv2%2Ftags&post=2588"}],"curies":[{"name":"wp","href":"https:\/\/api.w.org\/{rel}","templated":true}]}}