{"id":2595,"date":"2012-07-31T16:25:38","date_gmt":"2012-07-31T20:25:38","guid":{"rendered":"http:\/\/www.radiochiloe.cl\/?p=2595"},"modified":"2012-07-31T16:25:38","modified_gmt":"2012-07-31T20:25:38","slug":"caso-de-homicidio-de-boxeador-castreno-ya-tiene-sentencia","status":"publish","type":"post","link":"https:\/\/www.radiochiloe.cl\/?p=2595","title":{"rendered":"Caso de homicidio de boxeador castre\u00f1o ya tiene sentencia."},"content":{"rendered":"<p style=\"text-align: justify;\">Ayer se llev\u00f3 a cabo en el Tribunal Oral en lo penal de Castro, la lectura de sentencia en contra del autor del homicidio del joven boxeador Eduardo Negue Andrade, en un hecho ocurrido el 24 de Julio del 2011, en las cercan\u00edas del Puente Gamboa. \u00a0<strong>foto archivo.<\/strong><\/p>\n<p style=\"text-align: justify;\">Seg\u00fan lo explicado por el Abogado de la Defensor\u00eda local, Claudio Herrera, el tribunal dicto una pena efectiva de 4 a\u00f1os de presidio menor en su grado m\u00e1ximo en contra del imputado por este homicidio.<\/p>\n<p style=\"text-align: justify;\">El abogado defensor Claudio Herrera, agreg\u00f3 que por ahora se trata de una sentencia que car\u00e1cter provisoria, recordando que existe un plazo de 10 d\u00edas, para impugnar dicha sentencia, tanto por el querellante como tambi\u00e9n por el Ministerio Publico o por la defensa a trav\u00e9s del recurso de nulidad.<\/p>\n<p style=\"text-align: justify;\">El abogado Claudio Herrera, agreg\u00f3 que una de las alternativas para impugnar la sentencia es que el dictamen del tribunal se bas\u00f3 solo en la propia declaraci\u00f3n del imputado, por lo tanto defensor\u00eda estima que la sentencia no solo puede basarse en el merito de la declaraci\u00f3n del acusado, sin que existen otros antecedentes.<\/p>\n<p style=\"text-align: justify;\">Sin embargo a\u00f1adi\u00f3 que tambi\u00e9n existe la alternativa que el imputado acepte la pena de 4 a\u00f1os y no desee arriesgar al someterse a un juicio oral, donde puede imponerse la pena de 7 a\u00f1os que est\u00e1 solicitando el Ministerio Publico.<\/p>\n<p style=\"text-align: justify;\">Departamento de Prensa.<\/p>\n","protected":false},"excerpt":{"rendered":"<p>Ayer se llev\u00f3 a cabo en el Tribunal Oral en lo penal de Castro, la lectura de sentencia en contra del autor del homicidio del joven boxeador Eduardo Negue Andrade, en un hecho ocurrido el 24 de Julio del 2011, en las cercan\u00edas del Puente Gamboa. \u00a0foto archivo. Seg\u00fan lo explicado por el Abogado de [&hellip;]<\/p>\n","protected":false},"author":2,"featured_media":2596,"comment_status":"open","ping_status":"open","sticky":false,"template":"","format":"standard","meta":[],"categories":[3],"tags":[5],"jetpack_featured_media_url":"https:\/\/www.radiochiloe.cl\/wp-content\/uploads\/2012\/07\/tribunales.jpg","_links":{"self":[{"href":"https:\/\/www.radiochiloe.cl\/index.php?rest_route=\/wp\/v2\/posts\/2595"}],"collection":[{"href":"https:\/\/www.radiochiloe.cl\/index.php?rest_route=\/wp\/v2\/posts"}],"about":[{"href":"https:\/\/www.radiochiloe.cl\/index.php?rest_route=\/wp\/v2\/types\/post"}],"author":[{"embeddable":true,"href":"https:\/\/www.radiochiloe.cl\/index.php?rest_route=\/wp\/v2\/users\/2"}],"replies":[{"embeddable":true,"href":"https:\/\/www.radiochiloe.cl\/index.php?rest_route=%2Fwp%2Fv2%2Fcomments&post=2595"}],"version-history":[{"count":2,"href":"https:\/\/www.radiochiloe.cl\/index.php?rest_route=\/wp\/v2\/posts\/2595\/revisions"}],"predecessor-version":[{"id":2598,"href":"https:\/\/www.radiochiloe.cl\/index.php?rest_route=\/wp\/v2\/posts\/2595\/revisions\/2598"}],"wp:featuredmedia":[{"embeddable":true,"href":"https:\/\/www.radiochiloe.cl\/index.php?rest_route=\/wp\/v2\/media\/2596"}],"wp:attachment":[{"href":"https:\/\/www.radiochiloe.cl\/index.php?rest_route=%2Fwp%2Fv2%2Fmedia&parent=2595"}],"wp:term":[{"taxonomy":"category","embeddable":true,"href":"https:\/\/www.radiochiloe.cl\/index.php?rest_route=%2Fwp%2Fv2%2Fcategories&post=2595"},{"taxonomy":"post_tag","embeddable":true,"href":"https:\/\/www.radiochiloe.cl\/index.php?rest_route=%2Fwp%2Fv2%2Ftags&post=2595"}],"curies":[{"name":"wp","href":"https:\/\/api.w.org\/{rel}","templated":true}]}}