{"id":2599,"date":"2012-07-31T17:13:08","date_gmt":"2012-07-31T21:13:08","guid":{"rendered":"http:\/\/www.radiochiloe.cl\/?p=2599"},"modified":"2012-07-31T17:13:08","modified_gmt":"2012-07-31T21:13:08","slug":"caso-de-enfermera-en-hospital-de-castro-aun-sin-novedades","status":"publish","type":"post","link":"https:\/\/www.radiochiloe.cl\/?p=2599","title":{"rendered":"Caso de enfermera en Hospital de Castro a\u00fan sin novedades."},"content":{"rendered":"<p style=\"text-align: justify;\">Sin acuerdo siguen las conversaciones entre el gremio de enfermeros del Hospital de Castro y la direcci\u00f3n de este centro asistencial, por el caso de la enfermera Gloria Busto, quien d\u00edas atr\u00e1s hab\u00eda iniciado una huelga de hambre por ser removida de sus funciones.<\/p>\n<p style=\"text-align: justify;\">Seg\u00fan explic\u00f3 el presidente del gremio, Jos\u00e9 P\u00e9rez, hasta ayer y luego de intensa reuniones, no se ha logrado acuerdo en las propuestas, en un hecho que se inicio producto de la discusi\u00f3n entre la enfermera y un m\u00e9dico y que ahora ha derivado a nivel nacional.<\/p>\n<p style=\"text-align: justify;\">Jos\u00e9 P\u00e9rez, agreg\u00f3 que a pesar de todas las propuestas que han presentado como gremios para resolver el conflicto, la direcci\u00f3n del Hospital de Castro, mantiene la decisi\u00f3n de remover a la enfermera de sus funciones e incluso incorporando a sistemas de turnos.<\/p>\n<p style=\"text-align: justify;\">Jos\u00e9 P\u00e9rez, indic\u00f3 que en el transcurso de esta jornada se desarrollar\u00e1n reuniones en Santiago y en la comisi\u00f3n de salud del Senado para abordar este tema suscitado en el Hospital de Castro, lo que calific\u00f3 demasiado para un problema que pudo resolverse en forma interna, sin llegar instancias nacionales.<\/p>\n<p style=\"text-align: justify;\">Agreg\u00f3 que a ra\u00edz de estas movilizaciones internas que mantienen los enfermeros del Hospital de Castro, las atenciones a los pacientes no se han visto alteradas, debido a que siempre han protegido a los usuarios.<\/p>\n<p style=\"text-align: justify;\">Departamento de Prensa.<\/p>\n","protected":false},"excerpt":{"rendered":"<p>Sin acuerdo siguen las conversaciones entre el gremio de enfermeros del Hospital de Castro y la direcci\u00f3n de este centro asistencial, por el caso de la enfermera Gloria Busto, quien d\u00edas atr\u00e1s hab\u00eda iniciado una huelga de hambre por ser removida de sus funciones. Seg\u00fan explic\u00f3 el presidente del gremio, Jos\u00e9 P\u00e9rez, hasta ayer y [&hellip;]<\/p>\n","protected":false},"author":2,"featured_media":2600,"comment_status":"open","ping_status":"open","sticky":false,"template":"","format":"standard","meta":[],"categories":[3],"tags":[5],"jetpack_featured_media_url":"https:\/\/www.radiochiloe.cl\/wp-content\/uploads\/2012\/07\/enfermeros_castro.jpg","_links":{"self":[{"href":"https:\/\/www.radiochiloe.cl\/index.php?rest_route=\/wp\/v2\/posts\/2599"}],"collection":[{"href":"https:\/\/www.radiochiloe.cl\/index.php?rest_route=\/wp\/v2\/posts"}],"about":[{"href":"https:\/\/www.radiochiloe.cl\/index.php?rest_route=\/wp\/v2\/types\/post"}],"author":[{"embeddable":true,"href":"https:\/\/www.radiochiloe.cl\/index.php?rest_route=\/wp\/v2\/users\/2"}],"replies":[{"embeddable":true,"href":"https:\/\/www.radiochiloe.cl\/index.php?rest_route=%2Fwp%2Fv2%2Fcomments&post=2599"}],"version-history":[{"count":2,"href":"https:\/\/www.radiochiloe.cl\/index.php?rest_route=\/wp\/v2\/posts\/2599\/revisions"}],"predecessor-version":[{"id":2602,"href":"https:\/\/www.radiochiloe.cl\/index.php?rest_route=\/wp\/v2\/posts\/2599\/revisions\/2602"}],"wp:featuredmedia":[{"embeddable":true,"href":"https:\/\/www.radiochiloe.cl\/index.php?rest_route=\/wp\/v2\/media\/2600"}],"wp:attachment":[{"href":"https:\/\/www.radiochiloe.cl\/index.php?rest_route=%2Fwp%2Fv2%2Fmedia&parent=2599"}],"wp:term":[{"taxonomy":"category","embeddable":true,"href":"https:\/\/www.radiochiloe.cl\/index.php?rest_route=%2Fwp%2Fv2%2Fcategories&post=2599"},{"taxonomy":"post_tag","embeddable":true,"href":"https:\/\/www.radiochiloe.cl\/index.php?rest_route=%2Fwp%2Fv2%2Ftags&post=2599"}],"curies":[{"name":"wp","href":"https:\/\/api.w.org\/{rel}","templated":true}]}}