{"id":2610,"date":"2012-08-01T13:01:47","date_gmt":"2012-08-01T17:01:47","guid":{"rendered":"http:\/\/www.radiochiloe.cl\/?p=2610"},"modified":"2012-08-01T13:01:47","modified_gmt":"2012-08-01T17:01:47","slug":"internos-de-cdp-castro-reciben-capacitacion-en-gasfiteria","status":"publish","type":"post","link":"https:\/\/www.radiochiloe.cl\/?p=2610","title":{"rendered":"Internos de CDP Castro reciben capacitaci\u00f3n en Gasfiter\u00eda."},"content":{"rendered":"<p style=\"text-align: justify;\">Con la celebraci\u00f3n de una santa misa y con la entrega de certificados, finaliz\u00f3 en la tarde de ayer, un curso de gasfiter\u00eda, que estuvo dirigido a unos 15 internos del Centro de Detenci\u00f3n Preventiva de Castro, en el marco de un convenio con el Obispado de Ancud.<\/p>\n<p style=\"text-align: justify;\">Seg\u00fan lo manifestado por el asistente social de Gendarmer\u00eda Juan Carlos M\u00e1rquez, la iniciativa tuvo como prop\u00f3sito entregar una verdadera herramienta a los internos, para obtener un oficio y de esta manera insertarse de de mejor forma al mundo laboral.<\/p>\n<p style=\"text-align: justify;\">Por su parte Jos\u00e9 Marin, monitor del curso, destac\u00f3 el entusiasmo y la participaci\u00f3n de los internos por adquirir conocimientos en el rubro de la gasfiter\u00eda, lo que como primera experiencia lo deja muy satisfecho.<\/p>\n<p style=\"text-align: justify;\">En tanto Julio \u00c1vila, encargado del \u00e1rea social del Obispado de Ancud, precis\u00f3 que esta iniciativa surgi\u00f3 el a\u00f1o pasado, como una forma de apoyar un trabajo de acompa\u00f1amiento que realiza la parroquia Ap\u00f3stol Santiago de Castro, hacia los internos de esta unidad penal.<\/p>\n<p style=\"text-align: justify;\">Julio \u00c1vila indic\u00f3 que el curso fue financiado gracias a un proyecto postulado a Caritas Chile, agregando que en Ancud se desarrolla un curso similar y para m\u00e1s adelante se pretende iniciar otro taller pero relacionado con el oficio de hojalater\u00eda.<\/p>\n<p style=\"text-align: justify;\">Departamento de Prensa.<\/p>\n","protected":false},"excerpt":{"rendered":"<p>Con la celebraci\u00f3n de una santa misa y con la entrega de certificados, finaliz\u00f3 en la tarde de ayer, un curso de gasfiter\u00eda, que estuvo dirigido a unos 15 internos del Centro de Detenci\u00f3n Preventiva de Castro, en el marco de un convenio con el Obispado de Ancud. Seg\u00fan lo manifestado por el asistente social [&hellip;]<\/p>\n","protected":false},"author":2,"featured_media":2611,"comment_status":"open","ping_status":"open","sticky":false,"template":"","format":"standard","meta":[],"categories":[3],"tags":[5],"jetpack_featured_media_url":"https:\/\/www.radiochiloe.cl\/wp-content\/uploads\/2012\/08\/gasfiteria_man_rep.jpg","_links":{"self":[{"href":"https:\/\/www.radiochiloe.cl\/index.php?rest_route=\/wp\/v2\/posts\/2610"}],"collection":[{"href":"https:\/\/www.radiochiloe.cl\/index.php?rest_route=\/wp\/v2\/posts"}],"about":[{"href":"https:\/\/www.radiochiloe.cl\/index.php?rest_route=\/wp\/v2\/types\/post"}],"author":[{"embeddable":true,"href":"https:\/\/www.radiochiloe.cl\/index.php?rest_route=\/wp\/v2\/users\/2"}],"replies":[{"embeddable":true,"href":"https:\/\/www.radiochiloe.cl\/index.php?rest_route=%2Fwp%2Fv2%2Fcomments&post=2610"}],"version-history":[{"count":2,"href":"https:\/\/www.radiochiloe.cl\/index.php?rest_route=\/wp\/v2\/posts\/2610\/revisions"}],"predecessor-version":[{"id":2613,"href":"https:\/\/www.radiochiloe.cl\/index.php?rest_route=\/wp\/v2\/posts\/2610\/revisions\/2613"}],"wp:featuredmedia":[{"embeddable":true,"href":"https:\/\/www.radiochiloe.cl\/index.php?rest_route=\/wp\/v2\/media\/2611"}],"wp:attachment":[{"href":"https:\/\/www.radiochiloe.cl\/index.php?rest_route=%2Fwp%2Fv2%2Fmedia&parent=2610"}],"wp:term":[{"taxonomy":"category","embeddable":true,"href":"https:\/\/www.radiochiloe.cl\/index.php?rest_route=%2Fwp%2Fv2%2Fcategories&post=2610"},{"taxonomy":"post_tag","embeddable":true,"href":"https:\/\/www.radiochiloe.cl\/index.php?rest_route=%2Fwp%2Fv2%2Ftags&post=2610"}],"curies":[{"name":"wp","href":"https:\/\/api.w.org\/{rel}","templated":true}]}}