{"id":2614,"date":"2012-08-01T13:06:52","date_gmt":"2012-08-01T17:06:52","guid":{"rendered":"http:\/\/www.radiochiloe.cl\/?p=2614"},"modified":"2012-08-01T13:06:52","modified_gmt":"2012-08-01T17:06:52","slug":"gabriel-asencio-califica-como-una-oportunidad-para-castro-candidatura-de-jaime-marquez","status":"publish","type":"post","link":"https:\/\/www.radiochiloe.cl\/?p=2614","title":{"rendered":"Gabriel Asencio califica como una oportunidad para Castro candidatura de Jaime M\u00e1rquez."},"content":{"rendered":"<p style=\"text-align: justify;\">\nComo una oportunidad para la comuna de Castro y no como una amenaza para las opciones de la oposici\u00f3n en la comuna, calific\u00f3 el Diputado Gabriel Ascencio la candidatura a la alcald\u00eda en calidad de independiente de Jaime M\u00e1rquez Altamirano.<\/p>\n<p style=\"text-align: justify;\">El parlamentario manifest\u00f3 que la candidatura de Jaime M\u00e1rquez es un hecho que evidentemente no se hubiese querido que ocurra, pero la pol\u00edtica es as\u00ed y cada uno tiene el leg\u00edtimo derecho de mostrar sus aspiraciones.<\/p>\n<p style=\"text-align: justify;\">El diputado Gabriel Ascencio agreg\u00f3 que no se va a perder porque su candidato sigue siendo Nelson \u00c1guila, quien no deber\u00eda tener mayor dificultad para ganar en estas elecciones y seguir siendo alcalde de la comuna de Castro,<\/p>\n<p style=\"text-align: justify;\">El diputado Gabriel Ascencio reconoci\u00f3 que Jaime M\u00e1rquez es una persona que se la jug\u00f3 para recuperar la democracia y jug\u00f3 un rol activo en la vida pol\u00edtica de la Concertaci\u00f3n en Chilo\u00e9 durante todos estos a\u00f1os.<\/p>\n<p style=\"text-align: justify;\">Indic\u00f3 que el punto central o lo m\u00e1s positivo de todo esto ser\u00eda que hubiese una buena discusi\u00f3n de ideas acerca del Castro que se quiere, los compromisos que deben tener con la capital provincial de Chilo\u00e9, lo que es posible, porque el candidato de la derecha evidentemente no aporta nada nuevo y no tiene nada que hacer en esta elecci\u00f3n.<\/p>\n<p style=\"text-align: justify;\">Departamento de Prensa.<\/p>\n","protected":false},"excerpt":{"rendered":"<p>Como una oportunidad para la comuna de Castro y no como una amenaza para las opciones de la oposici\u00f3n en la comuna, calific\u00f3 el Diputado Gabriel Ascencio la candidatura a la alcald\u00eda en calidad de independiente de Jaime M\u00e1rquez Altamirano. El parlamentario manifest\u00f3 que la candidatura de Jaime M\u00e1rquez es un hecho que evidentemente no [&hellip;]<\/p>\n","protected":false},"author":2,"featured_media":2615,"comment_status":"open","ping_status":"open","sticky":false,"template":"","format":"standard","meta":[],"categories":[3],"tags":[5],"jetpack_featured_media_url":"https:\/\/www.radiochiloe.cl\/wp-content\/uploads\/2012\/08\/gabriel-asencio.jpg","_links":{"self":[{"href":"https:\/\/www.radiochiloe.cl\/index.php?rest_route=\/wp\/v2\/posts\/2614"}],"collection":[{"href":"https:\/\/www.radiochiloe.cl\/index.php?rest_route=\/wp\/v2\/posts"}],"about":[{"href":"https:\/\/www.radiochiloe.cl\/index.php?rest_route=\/wp\/v2\/types\/post"}],"author":[{"embeddable":true,"href":"https:\/\/www.radiochiloe.cl\/index.php?rest_route=\/wp\/v2\/users\/2"}],"replies":[{"embeddable":true,"href":"https:\/\/www.radiochiloe.cl\/index.php?rest_route=%2Fwp%2Fv2%2Fcomments&post=2614"}],"version-history":[{"count":1,"href":"https:\/\/www.radiochiloe.cl\/index.php?rest_route=\/wp\/v2\/posts\/2614\/revisions"}],"predecessor-version":[{"id":2616,"href":"https:\/\/www.radiochiloe.cl\/index.php?rest_route=\/wp\/v2\/posts\/2614\/revisions\/2616"}],"wp:featuredmedia":[{"embeddable":true,"href":"https:\/\/www.radiochiloe.cl\/index.php?rest_route=\/wp\/v2\/media\/2615"}],"wp:attachment":[{"href":"https:\/\/www.radiochiloe.cl\/index.php?rest_route=%2Fwp%2Fv2%2Fmedia&parent=2614"}],"wp:term":[{"taxonomy":"category","embeddable":true,"href":"https:\/\/www.radiochiloe.cl\/index.php?rest_route=%2Fwp%2Fv2%2Fcategories&post=2614"},{"taxonomy":"post_tag","embeddable":true,"href":"https:\/\/www.radiochiloe.cl\/index.php?rest_route=%2Fwp%2Fv2%2Ftags&post=2614"}],"curies":[{"name":"wp","href":"https:\/\/api.w.org\/{rel}","templated":true}]}}