{"id":2624,"date":"2012-08-01T18:25:56","date_gmt":"2012-08-01T22:25:56","guid":{"rendered":"http:\/\/www.radiochiloe.cl\/?p=2624"},"modified":"2012-08-01T18:25:56","modified_gmt":"2012-08-01T22:25:56","slug":"masiva-asistencia-tuvo-charla-de-la-pdi-sobre-el-bullying","status":"publish","type":"post","link":"https:\/\/www.radiochiloe.cl\/?p=2624","title":{"rendered":"Masiva asistencia tuvo charla de la PDI sobre el bullying."},"content":{"rendered":"<p style=\"text-align: justify;\">Para interiorizar a padres y apoderados de la Agrupaci\u00f3n Taekwondo Ancud Chilo\u00e9 sobre la problem\u00e1tica del bullying, funcionarios de la Polic\u00eda de Investigaciones de esta comuna, desarrollaron una charla sobre la tem\u00e1tica.<\/p>\n<p style=\"text-align: justify;\">La idea era que se conociera la din\u00e1mica con que funciona este fen\u00f3meno, recalc\u00e1ndose que muchas veces el agresor desencadena su agresividad con sus pares, debido a que sufre situaciones similares en el c\u00edrculo familiar.<\/p>\n<p style=\"text-align: justify;\">\u00abNadie est\u00e1 ajeno a un fen\u00f3meno que provoca huellas profundas. Los pueblos avanzan cuando se puede mirar con respeto a los dem\u00e1s, por lo que hay que trabajar para tener mejores personas\u00bb, acot\u00f3 el alcalde de Ancud, Federico Kr\u00fcger.<br \/>\nEspecial inter\u00e9s existe por la enorme mediatizaci\u00f3n que existe del asunto, aunque se sabe que est\u00e1 presente desde hace mucho tiempo en el diario vivir, solo en los \u00faltimos a\u00f1os se rebautiz\u00f3 el matonaje escolar.<\/p>\n<p style=\"text-align: justify;\">\u00abEs un \u00e1rea importante desde que comenzamos a trabajar en los colegios, ya que adem\u00e1s de la defensa personal nos preocupa el tema val\u00f3rico de nuestros alumnos\u00bb, afirm\u00f3 Marcel Kim, instructor WTF, 1\u00b0 Dan.<\/p>\n<p style=\"text-align: justify;\">Por su parte, los integrantes de la entidad policial recordaron que est\u00e1n llanos a prestar su apoyo en todo tipo de actividades que est\u00e9n relacionadas con su \u00e1mbito de acci\u00f3n y que sean requeridas por la poblaci\u00f3n.<\/p>\n<p style=\"text-align: justify;\">\u201cPara nosotros son siempre muy importantes las actividades de acercamiento a la comunidad, sobre todo en materias como el bullying que se han vuelto tan cotidianas a nivel nacional\u00bb, indic\u00f3 el subcomisario Carlos Camino.<\/p>\n<p style=\"text-align: justify;\">Departamento de Prensa.<\/p>\n","protected":false},"excerpt":{"rendered":"<p>Para interiorizar a padres y apoderados de la Agrupaci\u00f3n Taekwondo Ancud Chilo\u00e9 sobre la problem\u00e1tica del bullying, funcionarios de la Polic\u00eda de Investigaciones de esta comuna, desarrollaron una charla sobre la tem\u00e1tica. La idea era que se conociera la din\u00e1mica con que funciona este fen\u00f3meno, recalc\u00e1ndose que muchas veces el agresor desencadena su agresividad con [&hellip;]<\/p>\n","protected":false},"author":2,"featured_media":2625,"comment_status":"open","ping_status":"open","sticky":false,"template":"","format":"standard","meta":[],"categories":[3],"tags":[5],"jetpack_featured_media_url":"https:\/\/www.radiochiloe.cl\/wp-content\/uploads\/2012\/08\/bullying.jpg","_links":{"self":[{"href":"https:\/\/www.radiochiloe.cl\/index.php?rest_route=\/wp\/v2\/posts\/2624"}],"collection":[{"href":"https:\/\/www.radiochiloe.cl\/index.php?rest_route=\/wp\/v2\/posts"}],"about":[{"href":"https:\/\/www.radiochiloe.cl\/index.php?rest_route=\/wp\/v2\/types\/post"}],"author":[{"embeddable":true,"href":"https:\/\/www.radiochiloe.cl\/index.php?rest_route=\/wp\/v2\/users\/2"}],"replies":[{"embeddable":true,"href":"https:\/\/www.radiochiloe.cl\/index.php?rest_route=%2Fwp%2Fv2%2Fcomments&post=2624"}],"version-history":[{"count":2,"href":"https:\/\/www.radiochiloe.cl\/index.php?rest_route=\/wp\/v2\/posts\/2624\/revisions"}],"predecessor-version":[{"id":2627,"href":"https:\/\/www.radiochiloe.cl\/index.php?rest_route=\/wp\/v2\/posts\/2624\/revisions\/2627"}],"wp:featuredmedia":[{"embeddable":true,"href":"https:\/\/www.radiochiloe.cl\/index.php?rest_route=\/wp\/v2\/media\/2625"}],"wp:attachment":[{"href":"https:\/\/www.radiochiloe.cl\/index.php?rest_route=%2Fwp%2Fv2%2Fmedia&parent=2624"}],"wp:term":[{"taxonomy":"category","embeddable":true,"href":"https:\/\/www.radiochiloe.cl\/index.php?rest_route=%2Fwp%2Fv2%2Fcategories&post=2624"},{"taxonomy":"post_tag","embeddable":true,"href":"https:\/\/www.radiochiloe.cl\/index.php?rest_route=%2Fwp%2Fv2%2Ftags&post=2624"}],"curies":[{"name":"wp","href":"https:\/\/api.w.org\/{rel}","templated":true}]}}