{"id":2628,"date":"2012-08-01T18:49:28","date_gmt":"2012-08-01T22:49:28","guid":{"rendered":"http:\/\/www.radiochiloe.cl\/?p=2628"},"modified":"2012-08-01T18:49:43","modified_gmt":"2012-08-01T22:49:43","slug":"presidente-de-la-corte-suprema-ruben-ballesteros-visito-la-provincia","status":"publish","type":"post","link":"https:\/\/www.radiochiloe.cl\/?p=2628","title":{"rendered":"Presidente de la Corte Suprema Rub\u00e9n Ballesteros visit\u00f3 la provincia."},"content":{"rendered":"<p style=\"text-align: justify;\">Un Seminario relacionados con materias del Poder Judicial, se encuentra planificando la Corte Suprema, el cual se desarrollar\u00e1 el pr\u00f3ximo a\u00f1o en la ciudad de Castro.<\/p>\n<p style=\"text-align: justify;\">As\u00ed lo inform\u00f3 el actual presidente de la Corte Suprema, Rub\u00e9n Ballesteros, al sostener un encuentro con medios de comunicaci\u00f3n local, en el marco de su periodo de descanso en la provincia de Chilo\u00e9.<\/p>\n<p style=\"text-align: justify;\">Rub\u00e9n Ballesteros agreg\u00f3 que durante su estada en la ciudad de Castro, tambi\u00e9n ha visitado a los tribunales y jueces locales, los cuales siguen funcionando con absoluta normalidad al igual en el resto del pa\u00eds, recalcando que el sistema judicial chileno es uno de los mejores de Iberoam\u00e9rica.<\/p>\n<p style=\"text-align: justify;\">Rub\u00e9n Ballesteros, a\u00f1adi\u00f3 que en la ma\u00f1ana de ayer, tambi\u00e9n visit\u00f3 el Centro de Detenci\u00f3n Preventiva de Castro, con el objeto de entregarse sus saludos al alcaide de esta unidad penal.<\/p>\n<p style=\"text-align: justify;\">Cabe recordar que el presidente de la Corte Suprema, don Rub\u00e9n Ballesteros C\u00e1rcamo, naci\u00f3 en la ciudad de Castro el 12 de Noviembre de 1939 y asumi\u00f3 el mas alto cargo del Poder Judicial el 6 de Enero de este a\u00f1o, funci\u00f3n que cumplir\u00e1 por un periodo de 2 a\u00f1os.<\/p>\n<p style=\"text-align: justify;\">Departamento de Prensa.<\/p>\n","protected":false},"excerpt":{"rendered":"<p>Un Seminario relacionados con materias del Poder Judicial, se encuentra planificando la Corte Suprema, el cual se desarrollar\u00e1 el pr\u00f3ximo a\u00f1o en la ciudad de Castro. As\u00ed lo inform\u00f3 el actual presidente de la Corte Suprema, Rub\u00e9n Ballesteros, al sostener un encuentro con medios de comunicaci\u00f3n local, en el marco de su periodo de descanso [&hellip;]<\/p>\n","protected":false},"author":2,"featured_media":2629,"comment_status":"open","ping_status":"open","sticky":false,"template":"","format":"standard","meta":[],"categories":[3],"tags":[5],"jetpack_featured_media_url":"https:\/\/www.radiochiloe.cl\/wp-content\/uploads\/2012\/08\/presidente-cortesuprema.jpg","_links":{"self":[{"href":"https:\/\/www.radiochiloe.cl\/index.php?rest_route=\/wp\/v2\/posts\/2628"}],"collection":[{"href":"https:\/\/www.radiochiloe.cl\/index.php?rest_route=\/wp\/v2\/posts"}],"about":[{"href":"https:\/\/www.radiochiloe.cl\/index.php?rest_route=\/wp\/v2\/types\/post"}],"author":[{"embeddable":true,"href":"https:\/\/www.radiochiloe.cl\/index.php?rest_route=\/wp\/v2\/users\/2"}],"replies":[{"embeddable":true,"href":"https:\/\/www.radiochiloe.cl\/index.php?rest_route=%2Fwp%2Fv2%2Fcomments&post=2628"}],"version-history":[{"count":3,"href":"https:\/\/www.radiochiloe.cl\/index.php?rest_route=\/wp\/v2\/posts\/2628\/revisions"}],"predecessor-version":[{"id":2632,"href":"https:\/\/www.radiochiloe.cl\/index.php?rest_route=\/wp\/v2\/posts\/2628\/revisions\/2632"}],"wp:featuredmedia":[{"embeddable":true,"href":"https:\/\/www.radiochiloe.cl\/index.php?rest_route=\/wp\/v2\/media\/2629"}],"wp:attachment":[{"href":"https:\/\/www.radiochiloe.cl\/index.php?rest_route=%2Fwp%2Fv2%2Fmedia&parent=2628"}],"wp:term":[{"taxonomy":"category","embeddable":true,"href":"https:\/\/www.radiochiloe.cl\/index.php?rest_route=%2Fwp%2Fv2%2Fcategories&post=2628"},{"taxonomy":"post_tag","embeddable":true,"href":"https:\/\/www.radiochiloe.cl\/index.php?rest_route=%2Fwp%2Fv2%2Ftags&post=2628"}],"curies":[{"name":"wp","href":"https:\/\/api.w.org\/{rel}","templated":true}]}}