{"id":2633,"date":"2012-08-01T18:53:00","date_gmt":"2012-08-01T22:53:00","guid":{"rendered":"http:\/\/www.radiochiloe.cl\/?p=2633"},"modified":"2012-08-01T18:53:00","modified_gmt":"2012-08-01T22:53:00","slug":"completa-coordinacion-para-festividad-de-nazareno-de-caguach","status":"publish","type":"post","link":"https:\/\/www.radiochiloe.cl\/?p=2633","title":{"rendered":"Completa coordinaci\u00f3n para festividad de Nazareno de Caguach."},"content":{"rendered":"<p style=\"text-align: justify;\">Para que todo se desarrolle en orden, resguardando la seguridad para los feligreses que cada a\u00f1o al finalizar el mes de agosto acuden a la fiesta del Nazareno de Caguach, una de las festividades religiosa m\u00e1s importantes del sur de Chile, fue el principal prop\u00f3sito de la primera reuni\u00f3n de coordinaci\u00f3n desarrollada en la Gobernaci\u00f3n de Chilo\u00e9.<\/p>\n<p style=\"text-align: justify;\">La convocatoria fue encabezada por el Gobernador de Chilo\u00e9, C\u00e9sar Zambrano, donde asistieron representantes de la Polic\u00eda de Investigaciones, de Carabineros de Chile, Autoridad Sanitaria, Armada de Chile, Servicio de Salud Chilo\u00e9, SAMU y el Alcalde de la Municipalidad de Quinchao, Santiago Torres.<\/p>\n<p style=\"text-align: justify;\">En este sentido el Gobernador Cesar Zambrano, mencion\u00f3, que se est\u00e1 coordinando toda la log\u00edstica para el pr\u00f3ximo 30 de agosto, donde se comenzar\u00e1 con la capacitaci\u00f3n por parte de la Autoridad Sanitaria en Caguach, sobre buenas pr\u00e1cticas de preparaci\u00f3n y elaboraci\u00f3n de alimentos, enfocada a la tem\u00e1tica de educaci\u00f3n entorno a la triquinosis.<\/p>\n<p style=\"text-align: justify;\">Agreg\u00f3 que luego viene toda la log\u00edstica para la actividad, donde el d\u00eda anterior a la festividad se realiza la fiscalizaci\u00f3n de Autoridad Sanitaria para todas las faenas de matanza y se hacen las coordinaciones y traslado por parte de la Municipalidad de Quinchao, que dispondr\u00e1 de un servicio de barcaza para la gente.<\/p>\n<p style=\"text-align: justify;\">Tambi\u00e9n se trasladar\u00e1 los servicios del SAMU y Bomberos, lo que se coordinar\u00e1n previamente en una reuni\u00f3n con la Municipalidad, como tambi\u00e9n las coordinaciones con los distintos servicios p\u00fablicos como las polic\u00edas, Armada y Autoridad Sanitaria.<\/p>\n<p style=\"text-align: justify;\">Por su parte la Armada de Chile, est\u00e1 por confirmar la presencia de un helic\u00f3ptero para casos de emergencia y por otro lado se realizar\u00e1n operativos a las instalaciones de los nuevos ba\u00f1os, para que dispongan de agua durante todo el d\u00eda.<\/p>\n<p style=\"text-align: justify;\">Tambi\u00e9n la PDI necesita una conectividad apropiada de internet para realizar controles de identidad, para lo cual se gestionar\u00e1 con el Ministerio de Transporte y Telecomunicaciones la ver la posibilidad de contar con este medio de comunicaci\u00f3n con los proveedores de la zona.<\/p>\n<p style=\"text-align: justify;\">El Gobernador Cesar Zambrano, agreg\u00f3 que entre algunos temas, se hizo la petici\u00f3n referente a delimitar el \u00e1rea del comercio ambulante para que no obstaculice la procesi\u00f3n durante el desarrollo de esta fiesta religiosa.<\/p>\n<p style=\"text-align: justify;\">En tanto el Gobernador Mar\u00edtimo, Claudio Figueroa se\u00f1al\u00f3 a este respecto que al igual que los a\u00f1os anteriores existe una planificaci\u00f3n que ha dado resultado y donde se est\u00e1 cubriendo todo el dispositivo de seguridad.<\/p>\n<p style=\"text-align: justify;\">Agreg\u00f3 que en esta ocasi\u00f3n se va a contar con las unidades de superficie con el personal desplegado en los puntos de embarque y desembarque adem\u00e1s de los servicios de apoyo que env\u00ede la Comandancia de la quinta zona naval.<\/p>\n<p style=\"text-align: justify;\">Manifest\u00f3 que lo importante es la cooperaci\u00f3n de la gente, que acaten las medidas de seguridad y cumplan con las normativas.<\/p>\n<p style=\"text-align: justify;\">Indic\u00f3 que afortunadamente en agosto ayuda que las personas que asisten a esta actividad religiosa, son verdaderos feligreses y no como en verano que se transforma en una actividad tur\u00edstica.<\/p>\n<p style=\"text-align: justify;\">Record\u00f3 que el a\u00f1o pasado tres mil ochocientos personas asistieron a la festividad en el mes de Agosto, mientras que diferentes fue en Enero, donde que fueron alrededor de cinco mil los visitantes\u201d.<\/p>\n<p style=\"text-align: justify;\">El 27 de agosto al mediod\u00eda en la Municipalidad de Achao, se realizar\u00e1 una \u00faltima reuni\u00f3n antes del evento religioso.<\/p>\n<p style=\"text-align: justify;\">Departamento de Prensa.<\/p>\n","protected":false},"excerpt":{"rendered":"<p>Para que todo se desarrolle en orden, resguardando la seguridad para los feligreses que cada a\u00f1o al finalizar el mes de agosto acuden a la fiesta del Nazareno de Caguach, una de las festividades religiosa m\u00e1s importantes del sur de Chile, fue el principal prop\u00f3sito de la primera reuni\u00f3n de coordinaci\u00f3n desarrollada en la Gobernaci\u00f3n [&hellip;]<\/p>\n","protected":false},"author":2,"featured_media":2634,"comment_status":"open","ping_status":"open","sticky":false,"template":"","format":"standard","meta":[],"categories":[3],"tags":[5],"jetpack_featured_media_url":"https:\/\/www.radiochiloe.cl\/wp-content\/uploads\/2012\/08\/autoridades-caguach2012.jpg","_links":{"self":[{"href":"https:\/\/www.radiochiloe.cl\/index.php?rest_route=\/wp\/v2\/posts\/2633"}],"collection":[{"href":"https:\/\/www.radiochiloe.cl\/index.php?rest_route=\/wp\/v2\/posts"}],"about":[{"href":"https:\/\/www.radiochiloe.cl\/index.php?rest_route=\/wp\/v2\/types\/post"}],"author":[{"embeddable":true,"href":"https:\/\/www.radiochiloe.cl\/index.php?rest_route=\/wp\/v2\/users\/2"}],"replies":[{"embeddable":true,"href":"https:\/\/www.radiochiloe.cl\/index.php?rest_route=%2Fwp%2Fv2%2Fcomments&post=2633"}],"version-history":[{"count":2,"href":"https:\/\/www.radiochiloe.cl\/index.php?rest_route=\/wp\/v2\/posts\/2633\/revisions"}],"predecessor-version":[{"id":2636,"href":"https:\/\/www.radiochiloe.cl\/index.php?rest_route=\/wp\/v2\/posts\/2633\/revisions\/2636"}],"wp:featuredmedia":[{"embeddable":true,"href":"https:\/\/www.radiochiloe.cl\/index.php?rest_route=\/wp\/v2\/media\/2634"}],"wp:attachment":[{"href":"https:\/\/www.radiochiloe.cl\/index.php?rest_route=%2Fwp%2Fv2%2Fmedia&parent=2633"}],"wp:term":[{"taxonomy":"category","embeddable":true,"href":"https:\/\/www.radiochiloe.cl\/index.php?rest_route=%2Fwp%2Fv2%2Fcategories&post=2633"},{"taxonomy":"post_tag","embeddable":true,"href":"https:\/\/www.radiochiloe.cl\/index.php?rest_route=%2Fwp%2Fv2%2Ftags&post=2633"}],"curies":[{"name":"wp","href":"https:\/\/api.w.org\/{rel}","templated":true}]}}