{"id":2637,"date":"2012-08-01T18:56:09","date_gmt":"2012-08-01T22:56:09","guid":{"rendered":"http:\/\/www.radiochiloe.cl\/?p=2637"},"modified":"2012-08-01T18:56:09","modified_gmt":"2012-08-01T22:56:09","slug":"invitan-a-pesca-artesanal-a-presentar-iniciativas-para-caletas","status":"publish","type":"post","link":"https:\/\/www.radiochiloe.cl\/?p=2637","title":{"rendered":"Invitan a pesca artesanal a presentar iniciativas para caletas."},"content":{"rendered":"<p style=\"text-align: justify;\">Hasta el 17 de agosto se ampli\u00f3 el plazo para que las organizaciones de la pesca artesanal de todo el pa\u00eds, puedan presentar iniciativas dirigidas a fomentar y desarrollar la actividad de las caletas a las que representan.<\/p>\n<p style=\"text-align: justify;\">La ampliaci\u00f3n del plazo, fue determinada por la Subsecretar\u00eda de Pesca y el Fondo de Administraci\u00f3n pesquero, con el objeto que las organizaciones de pescadores artesanales, puedan tener mayor tiempo para trabajar sus iniciativas de proyecto y buscar financiamiento en este concurso.<\/p>\n<p style=\"text-align: justify;\">Este es el segundo a\u00f1o en que el Fondo de Administraci\u00f3n Pesquero realiza este concurso, el que en esta oportunidad cuenta con un presupuesto total de $600 millones.<\/p>\n<p style=\"text-align: justify;\">El concurso contempla cuatro l\u00edneas de inversi\u00f3n: Formalizaci\u00f3n y Gesti\u00f3n de Unidades Comerciales, Mejoramiento Productivo e Innovaci\u00f3n Tecnol\u00f3gica, Mejoramiento Comercial Mediante la Incorporaci\u00f3n de Valor Agregado y Diversificaci\u00f3n Productiva y Desarrollo de Mercado.<\/p>\n<p style=\"text-align: justify;\">Pueden participar las organizaciones de pescadores artesanales legalmente constituidas compuestas \u00edntegramente por pescadores artesanales, armadores, buzos, recolectores de orilla, algueros y buzos apnea inscritos en el Registro Pesquero Artesanal, las que podr\u00e1n optar hasta el 90 por ciento de la inversi\u00f3n total del proyecto.<\/p>\n<p style=\"text-align: justify;\">Los interesados ahora podr\u00e1n postular hasta el 17 de agosto de 2012, pudiendo encontrar las bases del concurso y formulario de postulaci\u00f3n en los sitios web de la Subsecretar\u00eda de Pesca y Fondo de Administraci\u00f3n Pesquero,www.subpesca.cl y www.fap.cl, as\u00ed como en las Direcciones zonales de Pesca y SEREMI de Econom\u00eda de todo el pa\u00eds.<\/p>\n<p style=\"text-align: justify;\">Departamento de Prensa.<\/p>\n","protected":false},"excerpt":{"rendered":"<p>Hasta el 17 de agosto se ampli\u00f3 el plazo para que las organizaciones de la pesca artesanal de todo el pa\u00eds, puedan presentar iniciativas dirigidas a fomentar y desarrollar la actividad de las caletas a las que representan. La ampliaci\u00f3n del plazo, fue determinada por la Subsecretar\u00eda de Pesca y el Fondo de Administraci\u00f3n pesquero, [&hellip;]<\/p>\n","protected":false},"author":2,"featured_media":2638,"comment_status":"open","ping_status":"open","sticky":false,"template":"","format":"standard","meta":[],"categories":[3],"tags":[5],"jetpack_featured_media_url":"https:\/\/www.radiochiloe.cl\/wp-content\/uploads\/2012\/08\/pescadores-chiloe.jpg","_links":{"self":[{"href":"https:\/\/www.radiochiloe.cl\/index.php?rest_route=\/wp\/v2\/posts\/2637"}],"collection":[{"href":"https:\/\/www.radiochiloe.cl\/index.php?rest_route=\/wp\/v2\/posts"}],"about":[{"href":"https:\/\/www.radiochiloe.cl\/index.php?rest_route=\/wp\/v2\/types\/post"}],"author":[{"embeddable":true,"href":"https:\/\/www.radiochiloe.cl\/index.php?rest_route=\/wp\/v2\/users\/2"}],"replies":[{"embeddable":true,"href":"https:\/\/www.radiochiloe.cl\/index.php?rest_route=%2Fwp%2Fv2%2Fcomments&post=2637"}],"version-history":[{"count":2,"href":"https:\/\/www.radiochiloe.cl\/index.php?rest_route=\/wp\/v2\/posts\/2637\/revisions"}],"predecessor-version":[{"id":2640,"href":"https:\/\/www.radiochiloe.cl\/index.php?rest_route=\/wp\/v2\/posts\/2637\/revisions\/2640"}],"wp:featuredmedia":[{"embeddable":true,"href":"https:\/\/www.radiochiloe.cl\/index.php?rest_route=\/wp\/v2\/media\/2638"}],"wp:attachment":[{"href":"https:\/\/www.radiochiloe.cl\/index.php?rest_route=%2Fwp%2Fv2%2Fmedia&parent=2637"}],"wp:term":[{"taxonomy":"category","embeddable":true,"href":"https:\/\/www.radiochiloe.cl\/index.php?rest_route=%2Fwp%2Fv2%2Fcategories&post=2637"},{"taxonomy":"post_tag","embeddable":true,"href":"https:\/\/www.radiochiloe.cl\/index.php?rest_route=%2Fwp%2Fv2%2Ftags&post=2637"}],"curies":[{"name":"wp","href":"https:\/\/api.w.org\/{rel}","templated":true}]}}