{"id":2641,"date":"2012-08-01T19:03:35","date_gmt":"2012-08-01T23:03:35","guid":{"rendered":"http:\/\/www.radiochiloe.cl\/?p=2641"},"modified":"2012-08-01T19:03:35","modified_gmt":"2012-08-01T23:03:35","slug":"anef-preocupada-por-incentivos-a-retiro-de-funcionarios-publicos","status":"publish","type":"post","link":"https:\/\/www.radiochiloe.cl\/?p=2641","title":{"rendered":"Anef preocupada por incentivos a retiro de funcionarios p\u00fablicos."},"content":{"rendered":"<p style=\"text-align: justify;\">Se mantiene la preocupaci\u00f3n entre los dirigentes de la Asociaci\u00f3n Nacional de Empleados Fiscales, ANEF, porque el Gobierno no ha dado respuesta al tema del incentivo al retiro de los funcionarios p\u00fablicos.<\/p>\n<p style=\"text-align: justify;\">Seg\u00fan lo informado por Hugo Insunza, presidente de la ANEF en Chilo\u00e9, el incentivo al retiro era un beneficio que hab\u00eda mejorado en el Gobierno anterior, pero lamentablemente el gobierno actual termin\u00f3 con este incentivo en julio del a\u00f1o pasado.<\/p>\n<p style=\"text-align: justify;\">Hugo Insunza, agreg\u00f3 que los dirigentes nacionales han gestionado reuniones con el Presidente de la Rep\u00fablica, pero hasta el momento no han tenido respuesta, por lo que la ANEF ha decidido impulsar una movilizaci\u00f3n informativa a trav\u00e9s de documentos, para comunicar de la situaci\u00f3n a sus asociados.<\/p>\n<p style=\"text-align: justify;\">Hugo Insunza agreg\u00f3 que otro de los temas que preocupa a la ANEF, son las condiciones laborales de los funcionarios p\u00fablicos, donde no se ha hecho cumplir la Ley que establece que el 80 por ciento de los trabajadores debe estar de planta y el 20 por ciento a contrata.<\/p>\n<p style=\"text-align: justify;\">Sin embargo record\u00f3 que en la actualidad, esta situaci\u00f3n se da a la inversa, donde el 80 por ciento a trabaja a contrata y solo el 20 por ciento funciona de planta, lo cual genera cierta inestabilidad entre los trabajadores del aparato estatal.<\/p>\n<p style=\"text-align: justify;\">Departamento de Prensa.<\/p>\n","protected":false},"excerpt":{"rendered":"<p>Se mantiene la preocupaci\u00f3n entre los dirigentes de la Asociaci\u00f3n Nacional de Empleados Fiscales, ANEF, porque el Gobierno no ha dado respuesta al tema del incentivo al retiro de los funcionarios p\u00fablicos. Seg\u00fan lo informado por Hugo Insunza, presidente de la ANEF en Chilo\u00e9, el incentivo al retiro era un beneficio que hab\u00eda mejorado en [&hellip;]<\/p>\n","protected":false},"author":2,"featured_media":2642,"comment_status":"open","ping_status":"open","sticky":false,"template":"","format":"standard","meta":[],"categories":[3],"tags":[5],"jetpack_featured_media_url":"https:\/\/www.radiochiloe.cl\/wp-content\/uploads\/2012\/08\/anef.jpg","_links":{"self":[{"href":"https:\/\/www.radiochiloe.cl\/index.php?rest_route=\/wp\/v2\/posts\/2641"}],"collection":[{"href":"https:\/\/www.radiochiloe.cl\/index.php?rest_route=\/wp\/v2\/posts"}],"about":[{"href":"https:\/\/www.radiochiloe.cl\/index.php?rest_route=\/wp\/v2\/types\/post"}],"author":[{"embeddable":true,"href":"https:\/\/www.radiochiloe.cl\/index.php?rest_route=\/wp\/v2\/users\/2"}],"replies":[{"embeddable":true,"href":"https:\/\/www.radiochiloe.cl\/index.php?rest_route=%2Fwp%2Fv2%2Fcomments&post=2641"}],"version-history":[{"count":2,"href":"https:\/\/www.radiochiloe.cl\/index.php?rest_route=\/wp\/v2\/posts\/2641\/revisions"}],"predecessor-version":[{"id":2644,"href":"https:\/\/www.radiochiloe.cl\/index.php?rest_route=\/wp\/v2\/posts\/2641\/revisions\/2644"}],"wp:featuredmedia":[{"embeddable":true,"href":"https:\/\/www.radiochiloe.cl\/index.php?rest_route=\/wp\/v2\/media\/2642"}],"wp:attachment":[{"href":"https:\/\/www.radiochiloe.cl\/index.php?rest_route=%2Fwp%2Fv2%2Fmedia&parent=2641"}],"wp:term":[{"taxonomy":"category","embeddable":true,"href":"https:\/\/www.radiochiloe.cl\/index.php?rest_route=%2Fwp%2Fv2%2Fcategories&post=2641"},{"taxonomy":"post_tag","embeddable":true,"href":"https:\/\/www.radiochiloe.cl\/index.php?rest_route=%2Fwp%2Fv2%2Ftags&post=2641"}],"curies":[{"name":"wp","href":"https:\/\/api.w.org\/{rel}","templated":true}]}}