{"id":2649,"date":"2012-08-03T11:53:25","date_gmt":"2012-08-03T15:53:25","guid":{"rendered":"http:\/\/www.radiochiloe.cl\/?p=2649"},"modified":"2012-08-03T11:53:25","modified_gmt":"2012-08-03T15:53:25","slug":"inauguran-luz-en-isla-chelin","status":"publish","type":"post","link":"https:\/\/www.radiochiloe.cl\/?p=2649","title":{"rendered":"Inauguran luz en isla Chel\u00edn."},"content":{"rendered":"<p style=\"text-align: justify;\">Felicidad existe en las familias que habitan la \u00ednsula, las que durante seis horas diarias tienen electricidad desde hace alrededor de dos meses en sus hogares, esto gracias a un proyecto que encabez\u00f3 la Municipalidad de la comuna de Castro.<\/p>\n<p style=\"text-align: justify;\">Emocionados y expectantes se encuentran los habitantes de la isla Chel\u00edn en la comuna de Castro, quienes durante este d\u00eda viernes ver\u00e1n su tranquilo vivir acelerado por la gran cantidad de personas que llegar\u00e1n hasta el lugar para participar de la ceremonia de inauguraci\u00f3n del proyecto de electrificaci\u00f3n en la \u00ednsula, la que se ha sido programada para el mediod\u00eda de ma\u00f1ana en el sitio donde se ubican los motores de generaci\u00f3n.<\/p>\n<p>As\u00ed, los habitantes de Chel\u00edn, que en lengua huilliche significa \u201ccerro peque\u00f1o\u201d, est\u00e1n preparando una verdadera fiesta para celebrar tan magno acontecimiento, el que se traduce en que las 110 familias que habitan la isla cuenten con suministro el\u00e9ctrico por seis horas diarias, a partir de las seis de la tarde.<\/p>\n<p>Seg\u00fan coment\u00f3 el alcalde de la comuna de Castro, Nelson \u00c1guila Serpa, esta mega obra -esperada por a\u00f1os por la comunidad y el municipio- alcanz\u00f3 una inversi\u00f3n total de 404 millones de pesos y se concret\u00f3 gracias a las diversas gestiones que realiz\u00f3 la Municipalidad castre\u00f1a entendiendo la necesidad de los isle\u00f1os, quienes en todo momento han agradecido a las autoridades comunales su importante apoyo, lo que ha quedado constatado en la serie de visitas que se han realizado a Chel\u00edn para verificar el funcionamiento del proyecto.<\/p>\n<p>\u201cHaciendo un poco de historia, a principios del a\u00f1o 2010 la isla contaba con dos sistemas precarios de generaci\u00f3n el\u00e9ctrica, los cuales dadas las nulas condiciones t\u00e9cnicas de transmisi\u00f3n de energ\u00eda, la poca capacidad de los generadores, las instalaciones domiciliarias realizadas fuera de toda norma, por mencionar algunos aspectos, hac\u00edan que el servicio otorgado fuese insuficiente\u201d, record\u00f3 el alcalde \u00c1guila.<\/p>\n<p>Precisamente dada esta realidad es que durante el Gobierno de la ex presidenta Michelle Bachelet se comenz\u00f3 con la iniciativa de realizar un proyecto financiado por la Subsecretar\u00eda de Desarrollo Regional y Administrativo, Subdere, para ejecutar un proyecto de generaci\u00f3n y transmisi\u00f3n el\u00e9ctrica, el que se licita a mediados de 2010.<\/p>\n<p>Cabe recordar que el proyecto para dotar de electricidad a Chel\u00edn signific\u00f3 una inversi\u00f3n superior a los 263 millones de pesos en obras civiles, ejecutadas por la empresa Matilde Rozas Rozas, y significaron la construcci\u00f3n de redes de media tensi\u00f3n en una extensi\u00f3n de doce kil\u00f3metros; levantamiento de redes de baja tensi\u00f3n en una extensi\u00f3n de ocho kil\u00f3metros; construcci\u00f3n y habilitaci\u00f3n de la planta de generaci\u00f3n el\u00e9ctrica e instalaci\u00f3n de dos equipos de generaci\u00f3n de 150 kva cada uno.<\/p>\n<p>Asimismo, el a\u00f1o pasado se agregaron otras dos iniciativas anexas al proyecto de electrificaci\u00f3n rural, las que ejecutaron por la v\u00eda del Programa Acciones Concurrentes de la Subdere.<\/p>\n<p>La primera de ellas fue la instalaci\u00f3n de estanque y otros como el mejoramiento de entorno y seguridad en planta de generaci\u00f3n el\u00e9ctrica en la isla Chel\u00edn, por un monto superior a los 69 millones de pesos. La propuesta en cuesti\u00f3n contempl\u00f3 la provisi\u00f3n, detalles y costos de construcci\u00f3n de estanque de almacenamiento de diez mil litros de petr\u00f3leo, obras de urbanizaci\u00f3n interior del espacio e instalaci\u00f3n de 13 luminarias de alumbrado p\u00fablico.<\/p>\n<p>Menci\u00f3n aparte recibe el mejoramiento sanitario y empalmes el\u00e9ctricos en viviendas de los sectores de Chel\u00edn y Huechochel\u00edn. La inversi\u00f3n aqu\u00ed es superior a los 71 millones de pesos, recursos que permitieron el recambio de las redes interiores de agua potable existentes de PVC por cobre en la totalidad de las viviendas; instalaciones de salas de ba\u00f1o en casas que no ten\u00edan ba\u00f1o interior; recambio de artefactos de ba\u00f1o que estuviesen en mal estado, por mencionar algunos trabajos.<\/p>\n<p>En este sentido, el alcalde de Castro, Nelson \u00c1guila, destac\u00f3 la envergadura de esta inversi\u00f3n y del proyecto en general, que a su juicio, emociona no s\u00f3lo a los beneficiados sino tambi\u00e9n a las autoridades, \u201cestamos muy contentos al ver que nuestro compromiso est\u00e1 cumplido, ahora finalmente este proyecto permitir\u00e1 que estas familias de escasos recursos y tan distantes de Castro, puedan contar definitivamente con luz el\u00e9ctrica\u201d, dijo el alcalde \u00c1guila.<\/p>\n<p>A la ceremonia de inauguraci\u00f3n llegar\u00e1n una serie de autoridades del \u00e1mbito local, provincial y regional, adem\u00e1s del subsecretario de desarrollo regional y administrativo, Miguel Flores, quienes junto a las dos juntas de vecinos, el comit\u00e9 de luz, las dos escuelas y los lugare\u00f1os, celebrar\u00e1n este significativo paso.<\/p>\n<p style=\"text-align: justify;\">Departamento de Prensa.<\/p>\n","protected":false},"excerpt":{"rendered":"<p>Felicidad existe en las familias que habitan la \u00ednsula, las que durante seis horas diarias tienen electricidad desde hace alrededor de dos meses en sus hogares, esto gracias a un proyecto que encabez\u00f3 la Municipalidad de la comuna de Castro. Emocionados y expectantes se encuentran los habitantes de la isla Chel\u00edn en la comuna de [&hellip;]<\/p>\n","protected":false},"author":2,"featured_media":2650,"comment_status":"open","ping_status":"open","sticky":false,"template":"","format":"standard","meta":[],"categories":[3],"tags":[5],"jetpack_featured_media_url":"https:\/\/www.radiochiloe.cl\/wp-content\/uploads\/2012\/08\/luz-chelin.jpg","_links":{"self":[{"href":"https:\/\/www.radiochiloe.cl\/index.php?rest_route=\/wp\/v2\/posts\/2649"}],"collection":[{"href":"https:\/\/www.radiochiloe.cl\/index.php?rest_route=\/wp\/v2\/posts"}],"about":[{"href":"https:\/\/www.radiochiloe.cl\/index.php?rest_route=\/wp\/v2\/types\/post"}],"author":[{"embeddable":true,"href":"https:\/\/www.radiochiloe.cl\/index.php?rest_route=\/wp\/v2\/users\/2"}],"replies":[{"embeddable":true,"href":"https:\/\/www.radiochiloe.cl\/index.php?rest_route=%2Fwp%2Fv2%2Fcomments&post=2649"}],"version-history":[{"count":2,"href":"https:\/\/www.radiochiloe.cl\/index.php?rest_route=\/wp\/v2\/posts\/2649\/revisions"}],"predecessor-version":[{"id":2652,"href":"https:\/\/www.radiochiloe.cl\/index.php?rest_route=\/wp\/v2\/posts\/2649\/revisions\/2652"}],"wp:featuredmedia":[{"embeddable":true,"href":"https:\/\/www.radiochiloe.cl\/index.php?rest_route=\/wp\/v2\/media\/2650"}],"wp:attachment":[{"href":"https:\/\/www.radiochiloe.cl\/index.php?rest_route=%2Fwp%2Fv2%2Fmedia&parent=2649"}],"wp:term":[{"taxonomy":"category","embeddable":true,"href":"https:\/\/www.radiochiloe.cl\/index.php?rest_route=%2Fwp%2Fv2%2Fcategories&post=2649"},{"taxonomy":"post_tag","embeddable":true,"href":"https:\/\/www.radiochiloe.cl\/index.php?rest_route=%2Fwp%2Fv2%2Ftags&post=2649"}],"curies":[{"name":"wp","href":"https:\/\/api.w.org\/{rel}","templated":true}]}}