{"id":2655,"date":"2012-08-03T12:10:49","date_gmt":"2012-08-03T16:10:49","guid":{"rendered":"http:\/\/www.radiochiloe.cl\/?p=2655"},"modified":"2012-08-03T12:11:01","modified_gmt":"2012-08-03T16:11:01","slug":"plaza-ciudadana-atendio-a-habitantes-curacanos","status":"publish","type":"post","link":"https:\/\/www.radiochiloe.cl\/?p=2655","title":{"rendered":"Plaza Ciudadana Atendi\u00f3 A Habitantes Curacanos."},"content":{"rendered":"<p style=\"text-align: justify;\">En esta ocasi\u00f3n, el municipio puso a disposici\u00f3n de los usuarios atenciones m\u00e9dicas de especialidades a los que se sumaron representantes de servicios p\u00fablicos, municipales y de orden y seguridad.<\/p>\n<p style=\"text-align: justify;\">Una excelente recepci\u00f3n manifestaron los vecinos de Curaco de V\u00e9lez, ante la atenci\u00f3n brindada por los principales departamentos del municipio, servicios p\u00fablicos y las prestaciones m\u00e9dicas en la denominada Primera Plaza Ciudadana Municipal que en esta oportunidad atendi\u00f3 a cientos de personas.<\/p>\n<p style=\"text-align: justify;\">La iniciativa del alcalde Lu\u00eds Curumilla, pretendi\u00f3 mejorar el acceso a servicios p\u00fablicos y beneficios municipales de muchos curacanos que por diversos motivos no tienen el tiempo y los recursos para trasladarse, m\u00e1s a\u00fan, a la ciudad de Castro, recibiendo la atenci\u00f3n necesaria con profesionales y funcionarios de los diferentes departamentos y en su lugar de origen.<\/p>\n<p style=\"text-align: justify;\">Ximena Delgado, Directora de Desarrollo Comunitario de la municipalidad de Curaco de V\u00e9lez, valor\u00f3 la iniciativa indicando que \u00abde esta manera estamos dando respuesta a la gente y cumpliendo unos de los desaf\u00edos de nuestra primera autoridad comunal, que es llegar a todos los habitantes de la comuna\u201d, haciendo un llamado a los vecinos para que est\u00e9n atentos a las pr\u00f3xima plaza ciudadana que se realizar\u00e1 en el mes de septiembre a solicitud de la misma comunidad.<\/p>\n<p style=\"text-align: justify;\">En esta ocasi\u00f3n, el municipio puso a disposici\u00f3n de los usuarios atenciones m\u00e9dicas de especialidades como oftalmolog\u00eda, otorrinolaringolog\u00eda, podolog\u00eda y dentales, m\u00e1s medicina general y la toma de ex\u00e1menes de colesterol y glicemias con los profesionales respetivos. A ellos se sumaron representantes de la Junaeb, Conadi, IPS, Registro Civil, Carabineros, Mutual de Seguridad y servicio de peluquer\u00eda, siendo todos recepcionados de manera positiva por parte de la comunidad, as\u00ed lo afirm\u00f3 Francisco Ojeda, Presidente de la Agrupaci\u00f3n Comunal de Adultos Mayores de Curaco de V\u00e9lez \u00abconsidero que esto es muy bueno porque hay mucha gente que no tiene la posibilidad de recibir todos estos beneficios, especialmente la gente de edad y, m\u00e1s a\u00fan, se nos entrega locomoci\u00f3n\u201d esperando que este tipo de atenciones se vuelvan a realizar.<\/p>\n<p style=\"text-align: justify;\">Por su parte, el alcalde Lu\u00eds Curumilla, se\u00f1al\u00f3 que esta plaza tuvo como objetivo facilitar la participaci\u00f3n de quienes desean formar parte de los diferentes programas sociales, entre otras necesidades que son m\u00e1s sensibles para la comunidad entregando soluciones reales y concretas.<\/p>\n<p>Departamento de Prensa.<\/p>\n","protected":false},"excerpt":{"rendered":"<p>En esta ocasi\u00f3n, el municipio puso a disposici\u00f3n de los usuarios atenciones m\u00e9dicas de especialidades a los que se sumaron representantes de servicios p\u00fablicos, municipales y de orden y seguridad. Una excelente recepci\u00f3n manifestaron los vecinos de Curaco de V\u00e9lez, ante la atenci\u00f3n brindada por los principales departamentos del municipio, servicios p\u00fablicos y las prestaciones [&hellip;]<\/p>\n","protected":false},"author":2,"featured_media":2656,"comment_status":"open","ping_status":"open","sticky":false,"template":"","format":"standard","meta":[],"categories":[3],"tags":[5],"jetpack_featured_media_url":"https:\/\/www.radiochiloe.cl\/wp-content\/uploads\/2012\/08\/municuraco.jpg","_links":{"self":[{"href":"https:\/\/www.radiochiloe.cl\/index.php?rest_route=\/wp\/v2\/posts\/2655"}],"collection":[{"href":"https:\/\/www.radiochiloe.cl\/index.php?rest_route=\/wp\/v2\/posts"}],"about":[{"href":"https:\/\/www.radiochiloe.cl\/index.php?rest_route=\/wp\/v2\/types\/post"}],"author":[{"embeddable":true,"href":"https:\/\/www.radiochiloe.cl\/index.php?rest_route=\/wp\/v2\/users\/2"}],"replies":[{"embeddable":true,"href":"https:\/\/www.radiochiloe.cl\/index.php?rest_route=%2Fwp%2Fv2%2Fcomments&post=2655"}],"version-history":[{"count":3,"href":"https:\/\/www.radiochiloe.cl\/index.php?rest_route=\/wp\/v2\/posts\/2655\/revisions"}],"predecessor-version":[{"id":2659,"href":"https:\/\/www.radiochiloe.cl\/index.php?rest_route=\/wp\/v2\/posts\/2655\/revisions\/2659"}],"wp:featuredmedia":[{"embeddable":true,"href":"https:\/\/www.radiochiloe.cl\/index.php?rest_route=\/wp\/v2\/media\/2656"}],"wp:attachment":[{"href":"https:\/\/www.radiochiloe.cl\/index.php?rest_route=%2Fwp%2Fv2%2Fmedia&parent=2655"}],"wp:term":[{"taxonomy":"category","embeddable":true,"href":"https:\/\/www.radiochiloe.cl\/index.php?rest_route=%2Fwp%2Fv2%2Fcategories&post=2655"},{"taxonomy":"post_tag","embeddable":true,"href":"https:\/\/www.radiochiloe.cl\/index.php?rest_route=%2Fwp%2Fv2%2Ftags&post=2655"}],"curies":[{"name":"wp","href":"https:\/\/api.w.org\/{rel}","templated":true}]}}