{"id":2667,"date":"2012-08-03T15:48:52","date_gmt":"2012-08-03T19:48:52","guid":{"rendered":"http:\/\/www.radiochiloe.cl\/?p=2667"},"modified":"2012-08-03T15:48:52","modified_gmt":"2012-08-03T19:48:52","slug":"dc-apoya-candidatura-de-actual-alcalde-aguila-a-la-reeleccion","status":"publish","type":"post","link":"https:\/\/www.radiochiloe.cl\/?p=2667","title":{"rendered":"DC apoya candidatura de actual alcalde Aguila a la reelecci\u00f3n."},"content":{"rendered":"<p style=\"text-align: justify;\">Una declaraci\u00f3n p\u00fablica ha hecho llegar la Democracia Cristiana, con respecto a la candidatura para su reelecci\u00f3n del actual alcalde Nelson \u00c1guila.<\/p>\n<p style=\"text-align: justify;\">En el comunicado se se\u00f1ala que el Partido Dem\u00f3crata Cristiano informa que ha inscrito como candidato a alcalde por la ciudad de Castro a su destacado militante Nelson \u00c1guila Serpa, quien ya ejerce el cargo y que postula a la reelecci\u00f3n.<\/p>\n<p style=\"text-align: justify;\">Nelson \u00c1guila es un l\u00edder indiscutido de su comunidad, un gestor municipal de amplia y reconocida trayectoria y un servidor p\u00fablico que nos prestigia.<\/p>\n<p style=\"text-align: justify;\">En una etapa en que el Partido Dem\u00f3crata Cristiano y la Concertaci\u00f3n impulsaron un proceso de participaci\u00f3n ciudadana para validar sus principales figuras municipales, \u00c1guila particip\u00f3 de un proceso de elecciones primarias que gan\u00f3 por un ampl\u00edsimo margen.<\/p>\n<p style=\"text-align: justify;\">De este modo, y como ha ocurrido en todo el pa\u00eds, la oposici\u00f3n ha escogido como su candidato \u00fanico para derrotar a la derecha en la elecci\u00f3n de octubre pr\u00f3ximo.<\/p>\n<p style=\"text-align: justify;\">Tiempo hubo para debatir y definir liderazgos, hoy es el tiempo para la unidad, el trabajo conjunto de todos los opositores y la convergencia en un proyecto local com\u00fan.<\/p>\n<p style=\"text-align: justify;\">Tras estos prop\u00f3sitos, la Democracia Cristiana espera la mayor disciplina y la conducta coherente de todos sus militantes del primero al \u00faltimo, sin excepciones.<\/p>\n<p style=\"text-align: justify;\">Todos sabemos que la divisi\u00f3n solo sirve a la derecha. La misma lealtad con que los dem\u00f3cratas cristianos apoyamos a los candidatos a alcaldes y alcaldesas en todo el pa\u00eds, estamos seguros que lo lograremos en Castro.<\/p>\n<p style=\"text-align: justify;\">Estamos seguros que Nelson \u00c1guila como candidato \u00fanico de la oposici\u00f3n obtendr\u00e1 en octubre un amplio triunfo en \u201cla m\u00e1s noble y leal ciudad de Castro.<\/p>\n<p style=\"text-align: justify;\">Firma este comunicado, V\u00edctor Maldonado, Secretario Nacional del Partido Democracia Cristiano.<\/p>\n<p style=\"text-align: justify;\">Departamento de Prensa.<\/p>\n","protected":false},"excerpt":{"rendered":"<p>Una declaraci\u00f3n p\u00fablica ha hecho llegar la Democracia Cristiana, con respecto a la candidatura para su reelecci\u00f3n del actual alcalde Nelson \u00c1guila. En el comunicado se se\u00f1ala que el Partido Dem\u00f3crata Cristiano informa que ha inscrito como candidato a alcalde por la ciudad de Castro a su destacado militante Nelson \u00c1guila Serpa, quien ya ejerce [&hellip;]<\/p>\n","protected":false},"author":2,"featured_media":2668,"comment_status":"open","ping_status":"open","sticky":false,"template":"","format":"standard","meta":[],"categories":[3],"tags":[5],"jetpack_featured_media_url":"https:\/\/www.radiochiloe.cl\/wp-content\/uploads\/2012\/08\/alcalde-nelson-aguila.jpg","_links":{"self":[{"href":"https:\/\/www.radiochiloe.cl\/index.php?rest_route=\/wp\/v2\/posts\/2667"}],"collection":[{"href":"https:\/\/www.radiochiloe.cl\/index.php?rest_route=\/wp\/v2\/posts"}],"about":[{"href":"https:\/\/www.radiochiloe.cl\/index.php?rest_route=\/wp\/v2\/types\/post"}],"author":[{"embeddable":true,"href":"https:\/\/www.radiochiloe.cl\/index.php?rest_route=\/wp\/v2\/users\/2"}],"replies":[{"embeddable":true,"href":"https:\/\/www.radiochiloe.cl\/index.php?rest_route=%2Fwp%2Fv2%2Fcomments&post=2667"}],"version-history":[{"count":1,"href":"https:\/\/www.radiochiloe.cl\/index.php?rest_route=\/wp\/v2\/posts\/2667\/revisions"}],"predecessor-version":[{"id":2669,"href":"https:\/\/www.radiochiloe.cl\/index.php?rest_route=\/wp\/v2\/posts\/2667\/revisions\/2669"}],"wp:featuredmedia":[{"embeddable":true,"href":"https:\/\/www.radiochiloe.cl\/index.php?rest_route=\/wp\/v2\/media\/2668"}],"wp:attachment":[{"href":"https:\/\/www.radiochiloe.cl\/index.php?rest_route=%2Fwp%2Fv2%2Fmedia&parent=2667"}],"wp:term":[{"taxonomy":"category","embeddable":true,"href":"https:\/\/www.radiochiloe.cl\/index.php?rest_route=%2Fwp%2Fv2%2Fcategories&post=2667"},{"taxonomy":"post_tag","embeddable":true,"href":"https:\/\/www.radiochiloe.cl\/index.php?rest_route=%2Fwp%2Fv2%2Ftags&post=2667"}],"curies":[{"name":"wp","href":"https:\/\/api.w.org\/{rel}","templated":true}]}}