{"id":2680,"date":"2012-08-06T12:10:51","date_gmt":"2012-08-06T16:10:51","guid":{"rendered":"http:\/\/www.radiochiloe.cl\/?p=2680"},"modified":"2012-08-06T12:10:51","modified_gmt":"2012-08-06T16:10:51","slug":"gran-marco-de-publico-asistio-a-lanzamiento-del-libro-ser-indio-en-chiloe","status":"publish","type":"post","link":"https:\/\/www.radiochiloe.cl\/?p=2680","title":{"rendered":"Gran marco de p\u00fablico asisti\u00f3 a lanzamiento del libro \u201cSer indio en Chilo\u00e9\u201d"},"content":{"rendered":"<p style=\"text-align: justify;\">Con la presencia de autoridades locales, personeros del \u00e1mbito art\u00edstico- cultural y gran marco de p\u00fablico marcaron la emotiva ceremonia de lanzamiento del libro \u201cSer indio en Chilo\u00e9\u201d del docente acha\u00edno Pablo Y\u00e1\u00f1ez Delgado realizado el d\u00eda viernes 3 de agosto en la ciudad de Achao.<\/p>\n<p style=\"text-align: justify;\">El d\u00eda viernes 3 de agosto pasadas las 20:00 hrs se realiz\u00f3 la ceremonia de lanzamiento del libro denominado \u201cSer indio en Chilo\u00e9\u201d, escrito por el docente acha\u00edno y Dr. en Educaci\u00f3n Pablo Y\u00e1\u00f1ez Delgado. A este acto asistieron el alcalde de Quinchao Santiago Torres, los concejales Armando Barr\u00eda, Ram\u00f3n Mansilla y Ciro Eugen\u00edn; Ram\u00f3n Y\u00e1\u00f1ez, encargado de cultura de la comuna de Quinchao; Felipe Montiel, representante Red de Cultura y del Consejo de Monumentos Nacionales de Chilo\u00e9; el profesor y premio provincial de cultura H\u00e9ctor Leiva y el docente Hugo Antipani referente en Educaci\u00f3n Intercultural Biling\u00fce en Chilo\u00e9; adem\u00e1s de una gran cantidad de p\u00fablico que replet\u00f3 la sala de sesiones del municipio de Quinchao.<\/p>\n<p style=\"text-align: justify;\">El an\u00e1lisis de la obra estuvo a cargo del tambi\u00e9n profesor Felipe Montiel quien durante su intervenci\u00f3n mostr\u00f3 su alegr\u00eda por el recambio generacional en cuanto a escritores y se\u00f1al\u00f3 que eso era motivo de orgullo y ojal\u00e1 aparezcan muchos m\u00e1s que permitan escribir temas tan importantes como el tratado en el libro \u201cSer indio en Chilo\u00e9\u201d, obra que calific\u00f3 como una \u201cverdadera apuesta literaria que se adentra en una tem\u00e1tica poco trabajada\u201d.<\/p>\n<p style=\"text-align: justify;\">\u201cMe pareci\u00f3 un trabajo muy interesante, atreverse a plantear un tema que est\u00e1 como escondido como ser ind\u00edgena en Chilo\u00e9, y el (Pablo Y\u00e1\u00f1ez) lo sac\u00f3 a la luz y eso es muy importante. Fue una jornada maravillosa con much\u00edsima gente acompa\u00f1\u00e1ndolo, yo creo que es grato para un escritor ver tanta gente. Fue una noche redonda para la comunidad de Achao y en especial para Pablo Y\u00e1\u00f1ez que cumple su sue\u00f1o de escribir un libro. Es una obra que creo que va a servir much\u00edsimo porque es la apertura para adentrarnos a este tema que pocos escritores han trabajado\u201d, indic\u00f3 Felipe Montiel.<\/p>\n<p style=\"text-align: justify;\">Tras esto correspondi\u00f3 el turno al autor del libro, al docente Pablo Y\u00e1\u00f1ez comentar su obra a los asistentes, se\u00f1alando que \u201cSer indio en Chilo\u00e9\u201d aborda la tem\u00e1tica ind\u00edgena en 6 cap\u00edtulos que busca darle mayor visibilidad a un sector postergado de la sociedad, como es la poblaci\u00f3n ind\u00edgena, buscando con ello que se genere una actitud reflexiva frente a este tema. Un momento emotivo dentro de la jornada se vivi\u00f3 cuando el docente acompa\u00f1ado por su esposa e hija de 6 a\u00f1os interpretaron 2 canciones que trataban el tema ind\u00edgena, el cual fue muy bien recibido por los presentes.<\/p>\n<p style=\"text-align: justify;\">Los profesores quelloninos H\u00e9ctor Leiva y Hugo Antipani comentaron el libro y contribuyeron al acto con la m\u00fasica, poes\u00eda y vivencias del mundo huilliche en el diario vivir y c\u00f3mo este tema se ve en la sociedad y el mundo de la educaci\u00f3n.<br \/>\nEl docente Hugo Antipani se refiri\u00f3 al libro indicando que \u201ces una obra fascinante de principio a fin, es un tema que no ha sido tocado, quiz\u00e1s por miedo u otra raz\u00f3n y \u00e9l se ha atrevido a sacar a la luz todo este tema de la discriminaci\u00f3n hacia el ind\u00edgena, m\u00e1s encima en Chilo\u00e9 donde todos somos ind\u00edgenas y la ceremonia estuvo muy emotiva, muy familiar. Estoy contento y honrado de estar ac\u00e1 en el lanzamiento de su libro\u201d<\/p>\n<p style=\"text-align: justify;\">Durante la ceremonia se realiz\u00f3 la entrega de ejemplares a los profesores: Felipe Montiel, H\u00e9ctor Leiva, Hugo Antipani y a representantes de la comunidad ind\u00edgena Pehuen de Putique. Adem\u00e1s de ellos, tambi\u00e9n recibieron copias del libro el Dpto. de Lenguaje del Liceo Insular de Achao, el alcalde de Quinchao, Santiago Torres y el Sr. Milton Uribe por su aporte a las im\u00e1genes que sirvieron para el dise\u00f1o del libro.<\/p>\n<p style=\"text-align: justify;\">Santiago Torres, alcalde de Quinchao tambi\u00e9n expres\u00f3 su parecer frente a este libro y su autor a quien envi\u00f3 un saludo especial agregando que con esta obra se est\u00e1 valorando a nuestra gente, porque el municipio apoya esta iniciativa del profesor Pablo Y\u00e1\u00f1ez Delgado, \u201cquien tiene la oportunidad de ver cristalizado sus trabajos investigativos en su propia tierra, quedando de manifiesto la real dimensi\u00f3n que tiene para este alcalde y para el municipio cuando se trata de nuestros propios vecinos\u201d.<\/p>\n<p style=\"text-align: justify;\">Entre los asistentes a esta ceremonia se encontraba Wilson Jilberto, oriundo de la sexta regi\u00f3n quien sobre el lanzamiento del libro indic\u00f3 que \u201ces muy interesante que se den a conocer estos temas y con esta obra espero conocer lo que desconoc\u00eda de la cultura en Chilo\u00e9 y del mundo Huilliche, sus ceremonias y todo lo que se convers\u00f3. Es algo que no lo ten\u00eda en conocimiento y espero traspasarlo a zona de la sexta regi\u00f3n donde vengo\u201d.<\/p>\n<p style=\"text-align: justify;\">Al t\u00e9rmino de la ceremonia de lanzamiento del libro el docente Pablo Y\u00e1\u00f1ez Delgado realiz\u00f3 un balance positivo de la actividad, se\u00f1alando que \u201cfue una actividad totalmente enriquecedora, especialmente para la comunidad de Achao por la gran afluencia de vecinos. Es un testimonio que los temas relativos a nuestros pueblos originarios son necesarios, son interesantes y sobretodo nos ata\u00f1e a todos\u201d. El docente agradeci\u00f3 al consejo de la Cultura y las Artes, al municipio, las agrupaciones que lo apoyaron en esta obra y a la gran cantidad de p\u00fablico que lo acompa\u00f1\u00f3.<\/p>\n<p style=\"text-align: justify;\">De esta manera se realiz\u00f3 de manera oficial el lanzamiento del libro \u201cSer indio en Chilo\u00e9\u201d, que trata el tema de la subalternidad y la discriminaci\u00f3n para con los pueblos originarios en 3 escenarios dentro de lo cotidiano, obra financiada por el Consejo Nacional de la Cultura y las Artes a trav\u00e9s del Fondo Nacional de Fomento del Libro y la Lectura 2012. Para quienes deseen conocer detalles y contenido de este libro, esta obra estar\u00e1 disponible en todas las bibliotecas de la regi\u00f3n por ser una edici\u00f3n del Consejo Nacional de la Cultura y las Artes.<\/p>\n<p style=\"text-align: justify;\">Departamento de Prensa.<\/p>\n","protected":false},"excerpt":{"rendered":"<p>Con la presencia de autoridades locales, personeros del \u00e1mbito art\u00edstico- cultural y gran marco de p\u00fablico marcaron la emotiva ceremonia de lanzamiento del libro \u201cSer indio en Chilo\u00e9\u201d del docente acha\u00edno Pablo Y\u00e1\u00f1ez Delgado realizado el d\u00eda viernes 3 de agosto en la ciudad de Achao. El d\u00eda viernes 3 de agosto pasadas las 20:00 [&hellip;]<\/p>\n","protected":false},"author":2,"featured_media":2681,"comment_status":"open","ping_status":"open","sticky":false,"template":"","format":"standard","meta":[],"categories":[3],"tags":[5],"jetpack_featured_media_url":"https:\/\/www.radiochiloe.cl\/wp-content\/uploads\/2012\/08\/pablo-yanes.jpg","_links":{"self":[{"href":"https:\/\/www.radiochiloe.cl\/index.php?rest_route=\/wp\/v2\/posts\/2680"}],"collection":[{"href":"https:\/\/www.radiochiloe.cl\/index.php?rest_route=\/wp\/v2\/posts"}],"about":[{"href":"https:\/\/www.radiochiloe.cl\/index.php?rest_route=\/wp\/v2\/types\/post"}],"author":[{"embeddable":true,"href":"https:\/\/www.radiochiloe.cl\/index.php?rest_route=\/wp\/v2\/users\/2"}],"replies":[{"embeddable":true,"href":"https:\/\/www.radiochiloe.cl\/index.php?rest_route=%2Fwp%2Fv2%2Fcomments&post=2680"}],"version-history":[{"count":2,"href":"https:\/\/www.radiochiloe.cl\/index.php?rest_route=\/wp\/v2\/posts\/2680\/revisions"}],"predecessor-version":[{"id":2683,"href":"https:\/\/www.radiochiloe.cl\/index.php?rest_route=\/wp\/v2\/posts\/2680\/revisions\/2683"}],"wp:featuredmedia":[{"embeddable":true,"href":"https:\/\/www.radiochiloe.cl\/index.php?rest_route=\/wp\/v2\/media\/2681"}],"wp:attachment":[{"href":"https:\/\/www.radiochiloe.cl\/index.php?rest_route=%2Fwp%2Fv2%2Fmedia&parent=2680"}],"wp:term":[{"taxonomy":"category","embeddable":true,"href":"https:\/\/www.radiochiloe.cl\/index.php?rest_route=%2Fwp%2Fv2%2Fcategories&post=2680"},{"taxonomy":"post_tag","embeddable":true,"href":"https:\/\/www.radiochiloe.cl\/index.php?rest_route=%2Fwp%2Fv2%2Ftags&post=2680"}],"curies":[{"name":"wp","href":"https:\/\/api.w.org\/{rel}","templated":true}]}}