{"id":2684,"date":"2012-08-06T12:48:20","date_gmt":"2012-08-06T16:48:20","guid":{"rendered":"http:\/\/www.radiochiloe.cl\/?p=2684"},"modified":"2012-08-06T12:48:20","modified_gmt":"2012-08-06T16:48:20","slug":"municipio-de-la-capital-provincial-organizo-una-tarde-dedicada-especialmente-a-los-ninos-en-su-dia","status":"publish","type":"post","link":"https:\/\/www.radiochiloe.cl\/?p=2684","title":{"rendered":"Municipio de la capital provincial organiz\u00f3 una tarde dedicada especialmente a los ni\u00f1os en su d\u00eda."},"content":{"rendered":"<p style=\"text-align: justify;\">Todo un \u00e9xito result\u00f3 la tarde entretenida que organiz\u00f3 la Municipalidad de Castro para festejar el D\u00eda del Ni\u00f1o en la comuna.<\/p>\n<p style=\"text-align: justify;\">Hasta la Plaza de Armas de la ciudad llegaron la tarde del domingo m\u00e1s de 600 ni\u00f1os, quienes participaron activamente de cada una de las actividades que planific\u00f3 el municipio para celebrar a los peque\u00f1os del hogar.<\/p>\n<p style=\"text-align: justify;\">As\u00ed, pasadas las 16 horas parti\u00f3 la jornada dominical, la que se extendi\u00f3 hasta pasadas las seis de la tarde y permiti\u00f3 que el principal paseo peatonal de la capital chilota se llenara de colores, alegr\u00eda y mucha diversi\u00f3n, donde los principales protagonistas fueron los m\u00e1s peque\u00f1os, quienes se apoderaron del lugar.<\/p>\n<p style=\"text-align: justify;\">De acuerdo a lo relatado por Lorena Barr\u00eda, encargada de la Oficina de Seguridad Ciudadana del municipio local, la instancia se evalu\u00f3 positivamente, m\u00e1s a\u00fan considerando la gran cantidad de ni\u00f1os que asistieron junto a sus familias.<\/p>\n<p style=\"text-align: justify;\">\u201cDesde muy temprano comenzaron a llegar los pap\u00e1s junto a sus hijos, por eso estamos muy conformes y satisfechos, ya que se logr\u00f3 cumplir el principal objetivo del evento, que era que los ni\u00f1os disfrutar\u00e1n y participar\u00e1n, en eso nos enfocamos varias oficinas municipales, ya que la idea era crear un espacio en el que pudiesen divertirse todos por igual\u201d, recalc\u00f3 la profesional.<\/p>\n<p style=\"text-align: justify;\">La iniciativa const\u00f3 de clases de baile entretenido, tizat\u00f3n, juegos inflables, pinta caritas, los payasos \u201cPacotilla y \u201cCantimplora\u201d, adem\u00e1s de conocidos personajes animados que se fotografiaron con los ni\u00f1os.<\/p>\n<p style=\"text-align: justify;\">\u201cNos interesa ir instaurando este tipo de panoramas en la Plaza, la idea es ir d\u00e1ndole cada vez m\u00e1s vida a nuestro principal paseo p\u00fablico\u201d, acot\u00f3 Lorena Barr\u00eda.<\/p>\n<p style=\"text-align: justify;\">De esta manera, un rotundo \u00e9xito result\u00f3 el panorama para festejar a los \u201cregalones\u201d del hogar en Castro, el cual pretend\u00eda tambi\u00e9n hacer un llamado a la sociedad a recordar los derechos de los menores, pues en esta fecha se conmemora la convenci\u00f3n sobre los derechos del ni\u00f1o y el tratado internacional entre la ONU y los estados firmantes, acontecido en el mes de agosto de 1989.<\/p>\n<p style=\"text-align: justify;\">Cabe hacer presente que en la jornada estuvieron presentes igualmente el club de motoqueros \u201cPiratas de la isla grande\u201d, adem\u00e1s de funcionarios de la Segunda Comisar\u00eda de Carabineros de Castro, quienes pasearon gratuitamente a los ni\u00f1os en sus motos, por lo cual se les agradece su desinteresada colaboraci\u00f3n.<\/p>\n<p style=\"text-align: justify;\">Departamento de Prensa.<\/p>\n","protected":false},"excerpt":{"rendered":"<p>Todo un \u00e9xito result\u00f3 la tarde entretenida que organiz\u00f3 la Municipalidad de Castro para festejar el D\u00eda del Ni\u00f1o en la comuna. Hasta la Plaza de Armas de la ciudad llegaron la tarde del domingo m\u00e1s de 600 ni\u00f1os, quienes participaron activamente de cada una de las actividades que planific\u00f3 el municipio para celebrar a [&hellip;]<\/p>\n","protected":false},"author":2,"featured_media":2685,"comment_status":"open","ping_status":"open","sticky":false,"template":"","format":"standard","meta":[],"categories":[3],"tags":[5],"jetpack_featured_media_url":"https:\/\/www.radiochiloe.cl\/wp-content\/uploads\/2012\/08\/dia-nino.jpg","_links":{"self":[{"href":"https:\/\/www.radiochiloe.cl\/index.php?rest_route=\/wp\/v2\/posts\/2684"}],"collection":[{"href":"https:\/\/www.radiochiloe.cl\/index.php?rest_route=\/wp\/v2\/posts"}],"about":[{"href":"https:\/\/www.radiochiloe.cl\/index.php?rest_route=\/wp\/v2\/types\/post"}],"author":[{"embeddable":true,"href":"https:\/\/www.radiochiloe.cl\/index.php?rest_route=\/wp\/v2\/users\/2"}],"replies":[{"embeddable":true,"href":"https:\/\/www.radiochiloe.cl\/index.php?rest_route=%2Fwp%2Fv2%2Fcomments&post=2684"}],"version-history":[{"count":2,"href":"https:\/\/www.radiochiloe.cl\/index.php?rest_route=\/wp\/v2\/posts\/2684\/revisions"}],"predecessor-version":[{"id":2687,"href":"https:\/\/www.radiochiloe.cl\/index.php?rest_route=\/wp\/v2\/posts\/2684\/revisions\/2687"}],"wp:featuredmedia":[{"embeddable":true,"href":"https:\/\/www.radiochiloe.cl\/index.php?rest_route=\/wp\/v2\/media\/2685"}],"wp:attachment":[{"href":"https:\/\/www.radiochiloe.cl\/index.php?rest_route=%2Fwp%2Fv2%2Fmedia&parent=2684"}],"wp:term":[{"taxonomy":"category","embeddable":true,"href":"https:\/\/www.radiochiloe.cl\/index.php?rest_route=%2Fwp%2Fv2%2Fcategories&post=2684"},{"taxonomy":"post_tag","embeddable":true,"href":"https:\/\/www.radiochiloe.cl\/index.php?rest_route=%2Fwp%2Fv2%2Ftags&post=2684"}],"curies":[{"name":"wp","href":"https:\/\/api.w.org\/{rel}","templated":true}]}}